{"id":56929,"date":"2022-06-28T09:34:51","date_gmt":"2022-06-28T09:34:51","guid":{"rendered":"https:\/\/www.ecoonline.com\/ny-lov-skal-fremme-sosial-baerekraft\/"},"modified":"2025-02-25T08:22:33","modified_gmt":"2025-02-25T08:22:33","slug":"ny-lov-skal-fremme-sosial-baerekraft","status":"publish","type":"post","link":"https:\/\/www.ecoonline.com\/no\/blogg\/ny-lov-skal-fremme-sosial-baerekraft\/","title":{"rendered":"Ny lov skal fremme sosial b\u00e6rekraft"},"content":{"rendered":"\n<section class=\"Pegasus__Container w-full   relative h-fit  text-content-dark mobile-stacking-standard is-layout-flow wp-block-pegasus-container-is-layout-flow\" style=\"  padding-bottom:var(--wp--preset--spacing--30); \" >\n\t        \n\t\t\t\t\t\t\t\n\t\t\t\t\t\t\n\t\t\t\t\t\t\n\t\t        \t\t\n\t\t\n\t\n\t\t\t<div class=\"relative h-full is-flex-layout flex flex-col justify-start  w-full\">\n\n<h2 class=\"wp-block-heading\">F\u00f8rste juli 2022 trer \u00e5penhetsloven i kraft, med krav om at virksomheter skal gj\u00f8re aktsomhetsvurderinger knyttet til menneskerettigheter og anstendige arbeidsforhold.<\/h2>\n\n\n\n<p>\u00c5penhetsloven stiller f\u00f8rst og fremst krav til st\u00f8rre virksomheter, som n\u00e5 m\u00e5 rapportere p\u00e5 sine aktsomhetsvurderinger, samt gi innsyn p\u00e5 foresp\u00f8rsel.<\/p>\n\n\n\n<p>Den gode nyheten er, at dersom din virksomhet allerede jobber for en proaktiv strategi for HMS og har kontroll p\u00e5 virksomhetens kjemikalier, vil ikke de nye kravene n\u00f8dvendigvis bety mer \u00e5 gj\u00f8re.<\/p>\n\n\n\n<p>Men, uavhengig av eksisterende internkontrollordninger og rutiner for risikostyring, er det noen elementer du b\u00f8r v\u00e6re klar over. I denne artikkelen gir vi deg syv r\u00e5d til hvordan din&nbsp;virksomhet kan im\u00f8tekomme det nye regelverket.<\/p>\n\n\n\n<h2 class=\"wp-block-heading has-large-font-size\">Fakta om \u00e5penhetsloven<\/h2>\n\n\n\n<p>Form\u00e5let med \u00e5penhetsloven er todelt. Hovedform\u00e5let er \u00e5 fremme virksomheters respekt for grunnleggende menneskerettigheter og anstendige arbeidsforhold (HMS) i forbindelse med produksjon av varer&nbsp;og tjenester (inkludert leverand\u00f8rer og forretningspartnere). Det andre form\u00e5let er \u00e5 sikre krav til \u00e5penhet og innsyn for offentligheten i hvordan virksomhetene jobber med dette.<\/p>\n\n\n\n<p>\u00c5penhetsloven kan defineres som&nbsp;<a href=\"https:\/\/www.ecoonline.com\/no\/blogg\/fremtidssikre-virksomheten-ved-a-sla-sammen-hms-og-esg\/\">sosial b\u00e6rekraft<\/a>&nbsp;og er i tr\u00e5d med det \u00f8kte kravet om et ansvarlig n\u00e6ringsliv.&nbsp;Trenden over hele Europa er \u00e5 p\u00e5legge virksomheter \u00e5 utf\u00f8re risikovurderinger som dekker menneske- og arbeidsrettigheter, klima, milj\u00f8, antikorrupsjon, hvitvasking og andre \u00f8konomiske misligheter,&nbsp;i egen virksomhet og i leverand\u00f8rkjeden.<\/p>\n\n\n\n<p>Sentralt i \u00e5penhetsloven st\u00e5r kravet om aktsomhetsvurderinger. Enkelt forklart handler dette om virksomhetens HMS-rutiner. Risikovurdering gjennom kartlegging, vurdering og h\u00e5ndtering av faktisk og&nbsp;potensiell negativ p\u00e5virkning p\u00e5 menneskerettigheter og arbeidsforhold, st\u00e5r helt sentralt. Det er viktig \u00e5 huske p\u00e5 at disse vurderingene ikke bare gjelder for egen virksomhet, men i hele&nbsp;leverand\u00f8rkjeden.<\/p>\n\n\n\n<p>En viktig del av aktsomhetsvurderinger er hvordan man velger \u00e5 prioritere risikoen basert p\u00e5 alvorlighetsgrad og p\u00e5virkningsmulighet, og s\u00f8rge for at tiltak og effekt blir tydelig kommunisert.&nbsp;Loven stiller blant annet krav til \u00e5 offentliggj\u00f8re en redegj\u00f8relse for aktsomhetsvurderingene, og informasjonen skal v\u00e6re lett tilgjengelig p\u00e5 virksomhetens nettsider.<\/p>\n\n\n\n<p>Loven gjelder i f\u00f8rste omgang for:<\/p>\n\n\n\n<ul class=\"wp-block-list\">\n<li>Almennaksjeselskap<\/li>\n\n\n\n<li>Selskap som p\u00e5 ulike vis er notert p\u00e5 en markedsplass (b\u00f8rs ol)<\/li>\n\n\n\n<li>Selskap med regnskapsplikt i henhold til s\u00e6rlig forskrift (annet enn regnskapsloven)<\/li>\n\n\n\n<li>Andre selskap, hvis to av tre vilk\u00e5r er oppfylte:\u00a0\u2013 \u00c5rlig salgsinntekt overstiger kr 70 millioner\u00a0\u2013 Balanse overstiger kr 35 millioner\u00a0\u2013 Ansatte mer enn 50 \u00e5rsverk i gjennomsnitt gjennom regnskaps\u00e5ret<\/li>\n<\/ul>\n\n\n\n<p>Mindre virksomheter som ikke blir direkte ber\u00f8rt m\u00e5 likevel ta stilling til loven ettersom de kan v\u00e6re en del av en leverand\u00f8rkjede og dermed m\u00f8te krav om \u00e5 leve opp til de samme standardene.<\/p>\n\n\n\n<h2 class=\"wp-block-heading has-large-font-size\">Syv r\u00e5d til hvordan din virksomhet kan im\u00f8tekomme \u00e5penhetsloven<\/h2>\n\n\n\n<ul class=\"wp-block-list\">\n<li>Det at virksomheten skal drive ansvarlig n\u00e5r det gjelder menneskerettigheter og anstendige arbeidsforhold m\u00e5\u00a0<strong>forankres<\/strong>\u00a0i styret. Deretter m\u00e5 strategien innarbeides i alle ledd\u00a0i virksomheten gjennom en plan, tydelige retningslinjer og styringssystemer. Det er viktig at alle ansatte er godt informerte slik at de kan ta gode valg i gjennomf\u00f8ringen av sine arbeidsoppgaver.<\/li>\n\n\n\n<li>Det m\u00e5 settes av\u00a0<strong>tilstrekkelige ressurser<\/strong>\u00a0for \u00e5 gj\u00f8re kartlegging og til \u00e5 h\u00e5ndtere mottak og besvarelse av innsynsbegj\u00e6ringer.<\/li>\n\n\n\n<li>B\u00e5de interne forhold og leverand\u00f8rkjeder og forretningspartnere m\u00e5\u00a0<strong>kartlegges<\/strong>\u00a0for \u00e5 identifisere det overordnede risikoniv\u00e5et for brudd p\u00e5 menneskerettigheter og anstendige\u00a0arbeidsforhold.<\/li>\n\n\n\n<li><strong>Gjennomf\u00f8r en risikovurdering<\/strong>\u00a0i egen virksomhet og i leverand\u00f8r- og verdikjede for menneskerettighetsbrudd og negative arbeidsforhold. Det er viktig \u00e5 kunne redegj\u00f8re for hvilke\u00a0prioriteringer som gj\u00f8res, noe som krever at du m\u00e5 kunne svare p\u00e5: Hvor er risikoen st\u00f8rst? Hva har vi kontroll over og kan p\u00e5virke? Hvilke tiltak har vi tilgjengelig?<\/li>\n\n\n\n<li><strong>Sikre god innkj\u00f8spraksis<\/strong>\u00a0ved \u00e5 stille krav til leverand\u00f8rer og samarbeidspartene gjennom avtaler og \u00abcode of conduct\u00bb der m\u00e5let er \u00e5 hindre en innkj\u00f8pspraksis som gir negativ\u00a0p\u00e5virkning. Se for eksempel p\u00e5 sertifiseringer og annen kjent bransjeinformasjon og innhent informasjon der dette mangler. Se ogs\u00e5 p\u00e5 leverand\u00f8rer der omsetningen er st\u00f8rst siden der vil man ha\u00a0mest muligheter til \u00e5 p\u00e5virke for endring.<\/li>\n\n\n\n<li><strong>Kommuniser redegj\u00f8relsen<\/strong>\u00a0for aktsomhetsvurderingene virksomheten har gjort. Informasjon om arbeidet med \u00e5penhetsloven og hvordan negative konsekvenser blir h\u00e5ndtert skal\u00a0tilgjengeliggj\u00f8res, for eksempel p\u00e5 virksomhetens nettsider. Det stilles blant annet krav til rapportering gjennom bedriftens \u00e5rsrapport om b\u00e6rekraft, samfunnsansvar eller tilsvarende.\u00a0Redegj\u00f8relsen for aktsomhetsvurderinger skal f\u00f8rste gang publiseres innen 30. juni 2023, ett \u00e5r etter loven trer i kraft.<\/li>\n\n\n\n<li><strong>F\u00f8lg opp<\/strong>\u00a0og s\u00f8rg for at kartlegginger, risikovurderinger, leverand\u00f8rkrav og egne retningslinjer blir noe mer enn bare en skrivebord\u00f8velse. Hvordan skal de negative konsekvensene\u00a0h\u00e5ndteres og hvordan jobbe for \u00e5 redusere risiko for menneskerettighetsbrudd og sikre anstendige arbeidsforhold?\u00a0<strong>Det hviler et stort ansvar p\u00e5 alle virksomheter \u00e5 s\u00f8rge for at vi\u00a0etterlater jorda i god nok stand for kommende generasjoner.<\/strong><\/li>\n<\/ul>\n\n\n\n<h2 class=\"wp-block-heading has-large-font-size\">Stoffkartoteket er et viktig hjelpemiddel i arbeidet med \u00e5penhetsloven<\/h2>\n\n\n\n<p>\u00c5penhetsloven stiller krav til at virksomheten har god dokumentasjon p\u00e5 kjemikaliene og gode rutiner p\u00e5 kjemikalieh\u00e5ndtering. Det vil si at du m\u00e5 s\u00f8rge for&nbsp;\u00e5 ha oppdaterte sikkerhetsdatablad, risikovurdere bruken av kjemikaliene og s\u00f8rge for at ansatte som jobber med kjemikalier f\u00e5r god oppl\u00e6ring slik at de vet hvordan de kan beskytte seg selv,&nbsp;omgivelsene og milj\u00f8et.<\/p>\n\n\n\n<p>Et av de viktigste tiltakene i arbeidet med god kjemikalieh\u00e5ndtering er&nbsp;<a href=\"https:\/\/www.ecoonline.com\/no\/kjemikaliesikkerhet\/kjemikaliehandtering\/subtitusjon\/\">\u00e5 bytte ut de farligste stoffene med mindre farlige<\/a>. \u00c5penhetsloven gir deg ogs\u00e5 en&nbsp;gylden mulighet til \u00e5 stille krav til at ogs\u00e5 leverand\u00f8rene vurderer \u00e5 fase ut sine farligste stoffer.<\/p>\n\n\n\n<h2 class=\"wp-block-heading has-large-font-size\">Med proaktive HMS rutiner overholder du allerede mange av kravene i \u00e5penhetsloven<\/h2>\n\n\n\n<p>Ved \u00e5 kartlegge virksomhetens helse, milj\u00f8 og sikkerhetsmessige konsekvenser med et&nbsp;<a href=\"https:\/\/www.ecoonline.com\/no\/hms-system\/\">HMS-system<\/a>&nbsp;st\u00e5r man bedre rustet til \u00e5 forebygge og begrense alvorlige&nbsp;helse og milj\u00f8skader for\u00e5rsaket av virksomhetens aktiviteter.&nbsp;<a href=\"https:\/\/www.ecoonline.com\/blogg\/hms-internkontroll\">Internkontroll<\/a>&nbsp;er med andre ord et viktig ledd i \u00e5 oppfylle kravene i \u00e5penhetsloven.<\/p>\n\n\n\n<p>Gjennom \u00e5 arbeide systematisk med HMS i virksomheten, ved blant annet \u00e5 legge til rette for rapportering av avvik og hendelser og \u00e5 gjennomf\u00f8re risikovurderinger og vernerunder, vil du skaffe deg&nbsp;oversikt over all risiko forbundet med aktivitetene i virksomheten din, og du vil kunne utarbeide effektive handlingsplaner og beredskapsplaner for \u00e5 forebygge risiko for negativ p\u00e5virkning som&nbsp;resultat av virksomhetens aktiviteter.<\/p>\n\n<\/div>\n\t\t\n\t        <\/section>\n","protected":false},"excerpt":{"rendered":"<p>F\u00f8rste juli 2022 trer \u00e5penhetsloven i kraft, med krav om at virksomheter skal gj\u00f8re aktsomhetsvurderinger knyttet til menneskerettigheter og anstendige arbeidsforhold.&nbsp;<\/p>\n","protected":false},"author":2,"featured_media":56930,"comment_status":"closed","ping_status":"closed","sticky":false,"template":"","format":"standard","meta":{"_acf_changed":false,"content-type":"","footnotes":"","_links_to":"","_links_to_target":""},"category":[161],"tags":[],"item-type":[176],"class_list":["post-56929","post","type-post","status-publish","format-standard","has-post-thumbnail","hentry","category-nyheter-og-ressurser","item-type-artikkel"],"acf":[],"yoast_head":"<!-- This site is optimized with the Yoast SEO plugin v27.3 - https:\/\/yoast.com\/product\/yoast-seo-wordpress\/ -->\n<title>Ny lov skal fremme sosial b\u00e6rekraft | EcoOnline<\/title>\n<meta name=\"robots\" content=\"index, follow, max-snippet:-1, max-image-preview:large, max-video-preview:-1\" \/>\n<link rel=\"canonical\" href=\"https:\/\/www.ecoonline.com\/no\/blogg\/ny-lov-skal-fremme-sosial-baerekraft\/\" \/>\n<meta property=\"og:locale\" content=\"nb_NO\" \/>\n<meta property=\"og:type\" content=\"article\" \/>\n<meta property=\"og:title\" content=\"Ny lov skal fremme sosial b\u00e6rekraft | EcoOnline\" \/>\n<meta property=\"og:description\" content=\"F\u00f8rste juli 2022 trer \u00e5penhetsloven i kraft, med krav om at virksomheter skal gj\u00f8re aktsomhetsvurderinger knyttet til menneskerettigheter og anstendige arbeidsforhold.&nbsp;\" \/>\n<meta property=\"og:url\" content=\"https:\/\/www.ecoonline.com\/no\/blogg\/ny-lov-skal-fremme-sosial-baerekraft\/\" \/>\n<meta property=\"og:site_name\" content=\"EcoOnline\" \/>\n<meta property=\"article:published_time\" content=\"2022-06-28T09:34:51+00:00\" \/>\n<meta property=\"article:modified_time\" content=\"2025-02-25T08:22:33+00:00\" \/>\n<meta property=\"og:image\" content=\"https:\/\/www.ecoonline.com\/wp-content\/uploads\/2024\/12\/Ny20lov20skal20fremme20sosial20bC3A6rekraft_470x440-1.webp\" \/>\n\t<meta property=\"og:image:width\" content=\"470\" \/>\n\t<meta property=\"og:image:height\" content=\"440\" \/>\n\t<meta property=\"og:image:type\" content=\"image\/webp\" \/>\n<meta name=\"author\" content=\"Helen Down\" \/>\n<meta name=\"twitter:card\" content=\"summary_large_image\" \/>\n<meta name=\"twitter:label1\" content=\"Skrevet av\" \/>\n\t<meta name=\"twitter:data1\" content=\"Helen Down\" \/>\n\t<meta name=\"twitter:label2\" content=\"Ansl. lesetid\" \/>\n\t<meta name=\"twitter:data2\" content=\"5 minutter\" \/>\n<script type=\"application\/ld+json\" class=\"yoast-schema-graph\">{\"@context\":\"https:\\\/\\\/schema.org\",\"@graph\":[{\"@type\":\"Article\",\"@id\":\"https:\\\/\\\/www.ecoonline.com\\\/no\\\/blogg\\\/ny-lov-skal-fremme-sosial-baerekraft\\\/#article\",\"isPartOf\":{\"@id\":\"https:\\\/\\\/www.ecoonline.com\\\/no\\\/blogg\\\/ny-lov-skal-fremme-sosial-baerekraft\\\/\"},\"author\":{\"name\":\"Helen Down\",\"@id\":\"https:\\\/\\\/www.ecoonline.com\\\/no\\\/#\\\/schema\\\/person\\\/c545ead400ca6bfa78acad19123e7250\"},\"headline\":\"Ny lov skal fremme sosial b\u00e6rekraft\",\"datePublished\":\"2022-06-28T09:34:51+00:00\",\"dateModified\":\"2025-02-25T08:22:33+00:00\",\"mainEntityOfPage\":{\"@id\":\"https:\\\/\\\/www.ecoonline.com\\\/no\\\/blogg\\\/ny-lov-skal-fremme-sosial-baerekraft\\\/\"},\"wordCount\":1046,\"publisher\":{\"@id\":\"https:\\\/\\\/www.ecoonline.com\\\/no\\\/#organization\"},\"image\":{\"@id\":\"https:\\\/\\\/www.ecoonline.com\\\/no\\\/blogg\\\/ny-lov-skal-fremme-sosial-baerekraft\\\/#primaryimage\"},\"thumbnailUrl\":\"https:\\\/\\\/www.ecoonline.com\\\/wp-content\\\/uploads\\\/2024\\\/12\\\/Ny20lov20skal20fremme20sosial20bC3A6rekraft_470x440-1.webp\",\"articleSection\":[\"Nyheter og Ressurser\"],\"inLanguage\":\"nb-NO\"},{\"@type\":\"WebPage\",\"@id\":\"https:\\\/\\\/www.ecoonline.com\\\/no\\\/blogg\\\/ny-lov-skal-fremme-sosial-baerekraft\\\/\",\"url\":\"https:\\\/\\\/www.ecoonline.com\\\/no\\\/blogg\\\/ny-lov-skal-fremme-sosial-baerekraft\\\/\",\"name\":\"Ny lov skal fremme sosial b\u00e6rekraft | EcoOnline\",\"isPartOf\":{\"@id\":\"https:\\\/\\\/www.ecoonline.com\\\/no\\\/#website\"},\"primaryImageOfPage\":{\"@id\":\"https:\\\/\\\/www.ecoonline.com\\\/no\\\/blogg\\\/ny-lov-skal-fremme-sosial-baerekraft\\\/#primaryimage\"},\"image\":{\"@id\":\"https:\\\/\\\/www.ecoonline.com\\\/no\\\/blogg\\\/ny-lov-skal-fremme-sosial-baerekraft\\\/#primaryimage\"},\"thumbnailUrl\":\"https:\\\/\\\/www.ecoonline.com\\\/wp-content\\\/uploads\\\/2024\\\/12\\\/Ny20lov20skal20fremme20sosial20bC3A6rekraft_470x440-1.webp\",\"datePublished\":\"2022-06-28T09:34:51+00:00\",\"dateModified\":\"2025-02-25T08:22:33+00:00\",\"inLanguage\":\"nb-NO\",\"potentialAction\":[{\"@type\":\"ReadAction\",\"target\":[\"https:\\\/\\\/www.ecoonline.com\\\/no\\\/blogg\\\/ny-lov-skal-fremme-sosial-baerekraft\\\/\"]}]},{\"@type\":\"ImageObject\",\"inLanguage\":\"nb-NO\",\"@id\":\"https:\\\/\\\/www.ecoonline.com\\\/no\\\/blogg\\\/ny-lov-skal-fremme-sosial-baerekraft\\\/#primaryimage\",\"url\":\"https:\\\/\\\/www.ecoonline.com\\\/wp-content\\\/uploads\\\/2024\\\/12\\\/Ny20lov20skal20fremme20sosial20bC3A6rekraft_470x440-1.webp\",\"contentUrl\":\"https:\\\/\\\/www.ecoonline.com\\\/wp-content\\\/uploads\\\/2024\\\/12\\\/Ny20lov20skal20fremme20sosial20bC3A6rekraft_470x440-1.webp\",\"width\":470,\"height\":440},{\"@type\":\"WebSite\",\"@id\":\"https:\\\/\\\/www.ecoonline.com\\\/no\\\/#website\",\"url\":\"https:\\\/\\\/www.ecoonline.com\\\/no\\\/\",\"name\":\"EcoOnline\",\"description\":\"\",\"publisher\":{\"@id\":\"https:\\\/\\\/www.ecoonline.com\\\/no\\\/#organization\"},\"potentialAction\":[{\"@type\":\"SearchAction\",\"target\":{\"@type\":\"EntryPoint\",\"urlTemplate\":\"https:\\\/\\\/www.ecoonline.com\\\/no\\\/?s={search_term_string}\"},\"query-input\":{\"@type\":\"PropertyValueSpecification\",\"valueRequired\":true,\"valueName\":\"search_term_string\"}}],\"inLanguage\":\"nb-NO\"},{\"@type\":\"Organization\",\"@id\":\"https:\\\/\\\/www.ecoonline.com\\\/no\\\/#organization\",\"name\":\"EcoOnline\",\"url\":\"https:\\\/\\\/www.ecoonline.com\\\/no\\\/\",\"logo\":{\"@type\":\"ImageObject\",\"inLanguage\":\"nb-NO\",\"@id\":\"https:\\\/\\\/www.ecoonline.com\\\/no\\\/#\\\/schema\\\/logo\\\/image\\\/\",\"url\":\"https:\\\/\\\/www.ecoonline.com\\\/wp-content\\\/uploads\\\/2024\\\/12\\\/ecoonline-logo.webp\",\"contentUrl\":\"https:\\\/\\\/www.ecoonline.com\\\/wp-content\\\/uploads\\\/2024\\\/12\\\/ecoonline-logo.webp\",\"width\":888,\"height\":613,\"caption\":\"EcoOnline\"},\"image\":{\"@id\":\"https:\\\/\\\/www.ecoonline.com\\\/no\\\/#\\\/schema\\\/logo\\\/image\\\/\"}},{\"@type\":\"Person\",\"@id\":\"https:\\\/\\\/www.ecoonline.com\\\/no\\\/#\\\/schema\\\/person\\\/c545ead400ca6bfa78acad19123e7250\",\"name\":\"Helen Down\",\"image\":{\"@type\":\"ImageObject\",\"inLanguage\":\"nb-NO\",\"@id\":\"https:\\\/\\\/secure.gravatar.com\\\/avatar\\\/d9c8170c547e21431f459914b8b62b7a010840cc1902d8823112cc29467d7dda?s=96&d=mm&r=g\",\"url\":\"https:\\\/\\\/secure.gravatar.com\\\/avatar\\\/d9c8170c547e21431f459914b8b62b7a010840cc1902d8823112cc29467d7dda?s=96&d=mm&r=g\",\"contentUrl\":\"https:\\\/\\\/secure.gravatar.com\\\/avatar\\\/d9c8170c547e21431f459914b8b62b7a010840cc1902d8823112cc29467d7dda?s=96&d=mm&r=g\",\"caption\":\"Helen Down\"}}]}<\/script>\n<!-- \/ Yoast SEO plugin. -->","yoast_head_json":{"title":"Ny lov skal fremme sosial b\u00e6rekraft | EcoOnline","robots":{"index":"index","follow":"follow","max-snippet":"max-snippet:-1","max-image-preview":"max-image-preview:large","max-video-preview":"max-video-preview:-1"},"canonical":"https:\/\/www.ecoonline.com\/no\/blogg\/ny-lov-skal-fremme-sosial-baerekraft\/","og_locale":"nb_NO","og_type":"article","og_title":"Ny lov skal fremme sosial b\u00e6rekraft | EcoOnline","og_description":"F\u00f8rste juli 2022 trer \u00e5penhetsloven i kraft, med krav om at virksomheter skal gj\u00f8re aktsomhetsvurderinger knyttet til menneskerettigheter og anstendige arbeidsforhold.&nbsp;","og_url":"https:\/\/www.ecoonline.com\/no\/blogg\/ny-lov-skal-fremme-sosial-baerekraft\/","og_site_name":"EcoOnline","article_published_time":"2022-06-28T09:34:51+00:00","article_modified_time":"2025-02-25T08:22:33+00:00","og_image":[{"width":470,"height":440,"url":"https:\/\/www.ecoonline.com\/wp-content\/uploads\/2024\/12\/Ny20lov20skal20fremme20sosial20bC3A6rekraft_470x440-1.webp","type":"image\/webp"}],"author":"Helen Down","twitter_card":"summary_large_image","twitter_misc":{"Skrevet av":"Helen Down","Ansl. lesetid":"5 minutter"},"schema":{"@context":"https:\/\/schema.org","@graph":[{"@type":"Article","@id":"https:\/\/www.ecoonline.com\/no\/blogg\/ny-lov-skal-fremme-sosial-baerekraft\/#article","isPartOf":{"@id":"https:\/\/www.ecoonline.com\/no\/blogg\/ny-lov-skal-fremme-sosial-baerekraft\/"},"author":{"name":"Helen Down","@id":"https:\/\/www.ecoonline.com\/no\/#\/schema\/person\/c545ead400ca6bfa78acad19123e7250"},"headline":"Ny lov skal fremme sosial b\u00e6rekraft","datePublished":"2022-06-28T09:34:51+00:00","dateModified":"2025-02-25T08:22:33+00:00","mainEntityOfPage":{"@id":"https:\/\/www.ecoonline.com\/no\/blogg\/ny-lov-skal-fremme-sosial-baerekraft\/"},"wordCount":1046,"publisher":{"@id":"https:\/\/www.ecoonline.com\/no\/#organization"},"image":{"@id":"https:\/\/www.ecoonline.com\/no\/blogg\/ny-lov-skal-fremme-sosial-baerekraft\/#primaryimage"},"thumbnailUrl":"https:\/\/www.ecoonline.com\/wp-content\/uploads\/2024\/12\/Ny20lov20skal20fremme20sosial20bC3A6rekraft_470x440-1.webp","articleSection":["Nyheter og Ressurser"],"inLanguage":"nb-NO"},{"@type":"WebPage","@id":"https:\/\/www.ecoonline.com\/no\/blogg\/ny-lov-skal-fremme-sosial-baerekraft\/","url":"https:\/\/www.ecoonline.com\/no\/blogg\/ny-lov-skal-fremme-sosial-baerekraft\/","name":"Ny lov skal fremme sosial b\u00e6rekraft | EcoOnline","isPartOf":{"@id":"https:\/\/www.ecoonline.com\/no\/#website"},"primaryImageOfPage":{"@id":"https:\/\/www.ecoonline.com\/no\/blogg\/ny-lov-skal-fremme-sosial-baerekraft\/#primaryimage"},"image":{"@id":"https:\/\/www.ecoonline.com\/no\/blogg\/ny-lov-skal-fremme-sosial-baerekraft\/#primaryimage"},"thumbnailUrl":"https:\/\/www.ecoonline.com\/wp-content\/uploads\/2024\/12\/Ny20lov20skal20fremme20sosial20bC3A6rekraft_470x440-1.webp","datePublished":"2022-06-28T09:34:51+00:00","dateModified":"2025-02-25T08:22:33+00:00","inLanguage":"nb-NO","potentialAction":[{"@type":"ReadAction","target":["https:\/\/www.ecoonline.com\/no\/blogg\/ny-lov-skal-fremme-sosial-baerekraft\/"]}]},{"@type":"ImageObject","inLanguage":"nb-NO","@id":"https:\/\/www.ecoonline.com\/no\/blogg\/ny-lov-skal-fremme-sosial-baerekraft\/#primaryimage","url":"https:\/\/www.ecoonline.com\/wp-content\/uploads\/2024\/12\/Ny20lov20skal20fremme20sosial20bC3A6rekraft_470x440-1.webp","contentUrl":"https:\/\/www.ecoonline.com\/wp-content\/uploads\/2024\/12\/Ny20lov20skal20fremme20sosial20bC3A6rekraft_470x440-1.webp","width":470,"height":440},{"@type":"WebSite","@id":"https:\/\/www.ecoonline.com\/no\/#website","url":"https:\/\/www.ecoonline.com\/no\/","name":"EcoOnline","description":"","publisher":{"@id":"https:\/\/www.ecoonline.com\/no\/#organization"},"potentialAction":[{"@type":"SearchAction","target":{"@type":"EntryPoint","urlTemplate":"https:\/\/www.ecoonline.com\/no\/?s={search_term_string}"},"query-input":{"@type":"PropertyValueSpecification","valueRequired":true,"valueName":"search_term_string"}}],"inLanguage":"nb-NO"},{"@type":"Organization","@id":"https:\/\/www.ecoonline.com\/no\/#organization","name":"EcoOnline","url":"https:\/\/www.ecoonline.com\/no\/","logo":{"@type":"ImageObject","inLanguage":"nb-NO","@id":"https:\/\/www.ecoonline.com\/no\/#\/schema\/logo\/image\/","url":"https:\/\/www.ecoonline.com\/wp-content\/uploads\/2024\/12\/ecoonline-logo.webp","contentUrl":"https:\/\/www.ecoonline.com\/wp-content\/uploads\/2024\/12\/ecoonline-logo.webp","width":888,"height":613,"caption":"EcoOnline"},"image":{"@id":"https:\/\/www.ecoonline.com\/no\/#\/schema\/logo\/image\/"}},{"@type":"Person","@id":"https:\/\/www.ecoonline.com\/no\/#\/schema\/person\/c545ead400ca6bfa78acad19123e7250","name":"Helen Down","image":{"@type":"ImageObject","inLanguage":"nb-NO","@id":"https:\/\/secure.gravatar.com\/avatar\/d9c8170c547e21431f459914b8b62b7a010840cc1902d8823112cc29467d7dda?s=96&d=mm&r=g","url":"https:\/\/secure.gravatar.com\/avatar\/d9c8170c547e21431f459914b8b62b7a010840cc1902d8823112cc29467d7dda?s=96&d=mm&r=g","contentUrl":"https:\/\/secure.gravatar.com\/avatar\/d9c8170c547e21431f459914b8b62b7a010840cc1902d8823112cc29467d7dda?s=96&d=mm&r=g","caption":"Helen Down"}}]}},"_links":{"self":[{"href":"https:\/\/www.ecoonline.com\/no\/wp-json\/wp\/v2\/posts\/56929","targetHints":{"allow":["GET"]}}],"collection":[{"href":"https:\/\/www.ecoonline.com\/no\/wp-json\/wp\/v2\/posts"}],"about":[{"href":"https:\/\/www.ecoonline.com\/no\/wp-json\/wp\/v2\/types\/post"}],"author":[{"embeddable":true,"href":"https:\/\/www.ecoonline.com\/no\/wp-json\/wp\/v2\/users\/2"}],"replies":[{"embeddable":true,"href":"https:\/\/www.ecoonline.com\/no\/wp-json\/wp\/v2\/comments?post=56929"}],"version-history":[{"count":0,"href":"https:\/\/www.ecoonline.com\/no\/wp-json\/wp\/v2\/posts\/56929\/revisions"}],"wp:featuredmedia":[{"embeddable":true,"href":"https:\/\/www.ecoonline.com\/no\/wp-json\/wp\/v2\/media\/56930"}],"wp:attachment":[{"href":"https:\/\/www.ecoonline.com\/no\/wp-json\/wp\/v2\/media?parent=56929"}],"wp:term":[{"taxonomy":"category","embeddable":true,"href":"https:\/\/www.ecoonline.com\/no\/wp-json\/wp\/v2\/category?post=56929"},{"taxonomy":"post_tag","embeddable":true,"href":"https:\/\/www.ecoonline.com\/no\/wp-json\/wp\/v2\/tags?post=56929"},{"taxonomy":"item-type","embeddable":true,"href":"https:\/\/www.ecoonline.com\/no\/wp-json\/wp\/v2\/item-type?post=56929"}],"curies":[{"name":"wp","href":"https:\/\/api.w.org\/{rel}","templated":true}]}}