{"id":60474,"date":"2025-05-06T12:48:01","date_gmt":"2025-05-06T12:48:01","guid":{"rendered":"https:\/\/www.ecoonline.com\/allt-du-behover-veta-om-arbetsmiljofragor\/"},"modified":"2025-09-24T10:46:04","modified_gmt":"2025-09-24T09:46:04","slug":"allt-du-behover-veta-om-arbetsmiljofragor","status":"publish","type":"post","link":"https:\/\/www.ecoonline.com\/sv\/blogg\/allt-du-behover-veta-om-arbetsmiljofragor\/","title":{"rendered":"Allt du beh\u00f6ver veta om arbetsmilj\u00f6fr\u00e5gor"},"content":{"rendered":"\n<section class=\"Pegasus__Container w-full   relative h-fit  text-content-dark mobile-stacking-standard is-layout-flow wp-block-pegasus-container-is-layout-flow\" style=\"  padding-bottom:var(--wp--preset--spacing--30); \" >\n\t        \n\t\t\t\t\t\t\t\n\t\t\t\t\t\t\n\t\t\t\t\t\t\n\t\t        \t\t\n\t\t\n\t\n\t\t\t<div class=\"relative h-full is-flex-layout flex flex-col justify-start  w-full\">\n\n<h2 class=\"wp-block-heading has-large-font-size\">Skapa en s\u00e4krare&nbsp;och tryggare arbetsplats&nbsp;<\/h2>\n\n\n\n<p>Vi vill alla k\u00e4nna oss trygga p\u00e5 jobbet, och inte p\u00e5 n\u00e5got s\u00e4tt riskera att komma till skada \u2013 varken fysiskt eller psykiskt.<\/p>\n\n\n\n<p>I snitt tillbringar vi en tredjedel av v\u00e5r vakna tid p\u00e5 v\u00e5r arbetsplats, s\u00e5 d\u00e4rf\u00f6r \u00e4r det viktigt att d\u00e4r finns tydliga regler och rutiner som s\u00e4kerst\u00e4ller alla anst\u00e4lldas trygghet och&nbsp;v\u00e4lbefinnande.<\/p>\n\n\n\n<p>P\u00e5 samma s\u00e4tt som vi exempelvis vill ha ett fungerande brandlarm hemma och fungerande sociala relationer p\u00e5 v\u00e5r fritid, s\u00e5 vill vi \u00e4ven m\u00e5 bra n\u00e4r vi \u00e4r p\u00e5 jobbet.&nbsp;<\/p>\n\n\n\n<p>I det h\u00e4r artikeln ska vi g\u00e5 igenom vilka lagar f\u00f6r arbetsmilj\u00f6 som finns och vad de konkret betyder. Vi g\u00e5r \u00e4ven in p\u00e5 hur man kan arbeta med arbetsmilj\u00f6 p\u00e5 olika arbetsplatser och vem som b\u00e4r&nbsp;ansvaret f\u00f6r att trygga arbetsmilj\u00f6n.&nbsp;<\/p>\n\n\n\n<div style=\"height:5vh\" aria-hidden=\"true\" class=\"wp-block-spacer\"><\/div>\n\n\n\n<h2 class=\"wp-block-heading has-large-font-size\">Vad \u00e4r en arbetsmilj\u00f6fr\u00e5ga?&nbsp;&nbsp;&nbsp;<\/h2>\n\n\n\n<p>Det finns ingen tydlig definition f\u00f6r vad en arbetsmilj\u00f6fr\u00e5ga \u00e4r, men n\u00e4r man talar om arbetsmilj\u00f6 s\u00e5 menar man alla t\u00e4nkbara faktorer som p\u00e5 n\u00e5got s\u00e4tt \u00e4r med och p\u00e5verkar dig och ditt arbete.<\/p>\n\n\n\n<p>I Sverige \u00e4r det Arbetsmilj\u00f6verket som genom olika lagar och f\u00f6reskrifter ser till att s\u00e5 m\u00e5nga som m\u00f6jligt kan g\u00e5 till sin arbetsplats tryggt och s\u00e4kert. Reglerna t\u00e4cker in b\u00e5de stort och sm\u00e5tt \u2013&nbsp;f\u00f6r ett&nbsp;<a href=\"https:\/\/www.ecoonline.com\/sv\/blogg\/arbetsmiljoproblem\">arbetsmilj\u00f6problem<\/a>&nbsp;\u00e4r just ett problem, oavsett hur stort det \u00e4r.&nbsp;<\/p>\n\n\n\n<p>En arbetsmilj\u00f6fr\u00e5ga kan ber\u00f6ra f\u00f6ljande faktorer:&nbsp;<\/p>\n\n\n\n<ul class=\"wp-block-list\">\n<li>Fysiska<\/li>\n\n\n\n<li>Sociala<\/li>\n\n\n\n<li>Psykiska<\/li>\n\n\n\n<li>Organisatoriska&nbsp;<\/li>\n<\/ul>\n\n\n\n<p>Det finns exempelvis regler f\u00f6r hur m\u00e5nga timmar du f\u00e5r arbeta varje vecka, men \u00e4ven f\u00f6r vilken skyddsutrustning som ska anv\u00e4ndas p\u00e5 en byggarbetsplats eller hur man&nbsp;<a href=\"https:\/\/www.ecoonline.com\/sv\/blogg\/forebygg-buller-pa-arbetsplatsen\">minskar oljud och buller<\/a>&nbsp;i sina lokaler.<\/p>\n\n\n\n<p>I slut\u00e4ndan handlar arbetsmilj\u00f6fr\u00e5gor om att \u00f6ka de anst\u00e4lldas m\u00e5ende och minimera risker och olyckor. S\u00e5 f\u00e5 som m\u00f6jligt ska beh\u00f6va sjukskriva sig p\u00e5 grund av&nbsp;<a href=\"https:\/\/www.ecoonline.com\/sv\/blogg\/stress\">stress<\/a>&nbsp;eller till och med mista livet n\u00e4r man utf\u00f6r sitt arbete.<\/p>\n\n\n\n<p>Genom att k\u00e4nna till sina r\u00e4ttigheter och vad som skapar goda f\u00f6ruts\u00e4ttningar f\u00f6r en bra arbetsmilj\u00f6 kan man vara med och p\u00e5verka den. Hur det g\u00e5r till rent praktiskt kommer vi till l\u00e4ngre fram i&nbsp;texten.<\/p>\n\n\n\n<div style=\"height:45px\" aria-hidden=\"true\" class=\"wp-block-spacer\"><\/div>\n\n\n\n<figure class=\"wp-block-image size-large\"><img loading=\"lazy\" decoding=\"async\" width=\"1024\" height=\"487\" src=\"https:\/\/www.ecoonline.com\/wp-content\/uploads\/2025\/05\/SE-Blog-Image-EHS-Reflektion--1024x487.webp\" alt=\"Reflektion om arbetsmilj\u00f6n: hur upplever jag arbetsmilj\u00f6n om jag kom hit f\u00f6r f\u00f6rsta g\u00e5ngen?\" class=\"wp-image-105394\" srcset=\"https:\/\/www.ecoonline.com\/wp-content\/uploads\/2025\/05\/SE-Blog-Image-EHS-Reflektion--1024x487.webp 1024w, https:\/\/www.ecoonline.com\/wp-content\/uploads\/2025\/05\/SE-Blog-Image-EHS-Reflektion--300x143.webp 300w, https:\/\/www.ecoonline.com\/wp-content\/uploads\/2025\/05\/SE-Blog-Image-EHS-Reflektion--768x366.webp 768w, https:\/\/www.ecoonline.com\/wp-content\/uploads\/2025\/05\/SE-Blog-Image-EHS-Reflektion--640x305.webp 640w, https:\/\/www.ecoonline.com\/wp-content\/uploads\/2025\/05\/SE-Blog-Image-EHS-Reflektion-.webp 1248w\" sizes=\"(max-width: 1024px) 100vw, 1024px\" \/><\/figure>\n\n\n\n<div style=\"height:5vh\" aria-hidden=\"true\" class=\"wp-block-spacer\"><\/div>\n\n\n\n<h2 class=\"wp-block-heading has-large-font-size\">Vilka lagar kopplat till arbetsmilj\u00f6n finns det?&nbsp;<\/h2>\n\n\n\n<p>Vi har redan varit inne p\u00e5 Arbetsmilj\u00f6verket och deras uppgift \u00e4r att se till att reglerna g\u00e4llande arbetsmilj\u00f6 f\u00f6ljs. Sj\u00e4lva ramverket f\u00f6r lagstiftningen kan s\u00e4gas st\u00e5 p\u00e5 tre ben \u2013&nbsp;<strong>arbetsmilj\u00f6lagen, arbetstidslagen och f\u00f6rfattningssamlingen.&nbsp;<\/strong><\/p>\n\n\n\n<p>Arbetsmilj\u00f6lagen (AML)&nbsp;En politiskt beslutad lag som inneh\u00e5ller allm\u00e4nna regler f\u00f6r arbetsmilj\u00f6n. I dess f\u00f6rsta kapitel och paragraf st\u00e5r det att lagens syfte \u00e4r att \u201d\u2026 f\u00f6rebygga oh\u00e4lsa och olycksfall i arbetet samt att&nbsp;\u00e4ven i \u00f6vrigt uppn\u00e5 en god arbetsmilj\u00f6\u201d.&nbsp;<a href=\"https:\/\/www.riksdagen.se\/sv\/dokument-lagar\/dokument\/svensk-forfattningssamling\/arbetsmiljolag-19771160_sfs-1977-1160\">(Lag&nbsp;1994:579)&nbsp;<\/a><\/p>\n\n\n\n<p>H\u00e4r finns exempelvis regler om att arbetsgivaren alltid har det yttersta ansvaret f\u00f6r arbetsmilj\u00f6n och att eventuell p\u00e5kr\u00e4vd skyddsutrustning finns tillg\u00e4nglig p\u00e5 arbetsplatsen.<\/p>\n\n\n\n<p>Arbetstidslagen (ATL)&nbsp;En kompletterande lag som inneh\u00e5ller specifikationer om hur mycket de anst\u00e4llda maximalt f\u00e5r arbeta varje dag och vecka, men \u00e4ven regler om deras r\u00e4ttigheter till raster och vila med j\u00e4mna&nbsp;mellanrum.&nbsp;<\/p>\n\n\n\n<p>Arbetsmilj\u00f6verkets f\u00f6rfattningssamling (AFS)&nbsp;Den del av lagstiftningen som Arbetsmilj\u00f6verket sj\u00e4lv skriver och ger ut. H\u00e4r g\u00e5r man ner p\u00e5 detaljniv\u00e5 och kommer med specifika regler f\u00f6r olika branscher. Det finns exempelvis f\u00f6reskrifter f\u00f6r&nbsp;hur man ska f\u00f6rh\u00e5lla sig till buller, arbetspositioner och ergonomi samt om hur man minskar smittorisk.<\/p>\n\n\n\n<p>De olika f\u00f6rfattningarna \u00e4r en bra grund att utg\u00e5 ifr\u00e5n n\u00e4r man ser \u00f6ver arbetsmilj\u00f6n inom sin verksamhet. Hittar man en brist s\u00e5 kan man med st\u00f6d av reglerna p\u00e5peka felet och f\u00e5 det \u00e5tg\u00e4rdat. Men&nbsp;det \u00e4r oftare l\u00e4ttare sagt \u00e4n gjort, s\u00e5 d\u00e4rf\u00f6r \u00e4r det viktigt att arbetet g\u00f6rs systematiskt och integreras som en naturlig del av arbetet, snarare \u00e4n att det ses som en separat del. Hur det kan g\u00e5&nbsp;till ska vi titta n\u00e4rmare p\u00e5 i n\u00e4sta del.&nbsp;<\/p>\n\n\n\n<div style=\"height:2vh\" aria-hidden=\"true\" class=\"wp-block-spacer\"><\/div>\n\n\n\n<p><strong>Kollektivavtal \u2013 inte en lag<\/strong><br>Ett annat viktigt redskap f\u00f6r arbetsmilj\u00f6n \u00e4r kollektivavtal, som \u00e4r en \u00f6verenskommelse mellan arbetsgivare och arbetstagare. I praktiken tecknas det mellan arbetsgivarf\u00f6rening och fackf\u00f6rening,\u00a0och i avtalet specificeras minimikrav f\u00f6r de anst\u00e4lldas l\u00f6ner, \u00f6verarbete, semester och andra villkor.<\/p>\n\n\n\n<p>Har arbetsplatsen kollektivavtal signalerar det att arbetsgivaren tar ansvar f\u00f6r sina anst\u00e4llda, och avtalet g\u00e4ller f\u00f6r alla \u2013 inte bara de som \u00e4r med i en fackf\u00f6rening.<\/p>\n\n\n\n<div style=\"height:46px\" aria-hidden=\"true\" class=\"wp-block-spacer\"><\/div>\n\n\n\n<h2 class=\"wp-block-heading has-large-font-size\">Hur hanteras arbetsmilj\u00f6fr\u00e5gor p\u00e5 arbetsplatsen?&nbsp;<\/h2>\n\n\n\n<p>F\u00f6r att se till att f\u00f6retag och andra verksamheter tar arbetsmilj\u00f6fr\u00e5gor p\u00e5 allvar s\u00e5 \u00e5ligger det alla arbetsplatser att f\u00f6lja en f\u00f6rfattning med f\u00f6reskrifter om&nbsp;<a href=\"https:\/\/www.ecoonline.com\/sv\/allt-om-systematiskt-arbetsmiljoarbete\">systematiskt arbetsmilj\u00f6arbete<\/a>, SAM.<\/p>\n\n\n\n<p>Det kan k\u00e4nnas som att det \u00e4r ett extra arbetsmoment i en stressig vardag, men faktum \u00e4r att SAM \u00e4r t\u00e4nkt att hj\u00e4lpa arbetsplatsen med konkreta verktyg f\u00f6r att komma fram\u00e5t. Det systematiska&nbsp;arbetsmilj\u00f6arbetet kan f\u00f6renklat beskrivas genom fyra moment, som l\u00f6pande ska genomf\u00f6ras och p\u00e5 s\u00e5 s\u00e4tt bilda ett kontinuerligt hjul.&nbsp;<\/p>\n\n\n\n<div style=\"height:45px\" aria-hidden=\"true\" class=\"wp-block-spacer\"><\/div>\n\n\n\n<figure class=\"wp-block-image size-large\"><img loading=\"lazy\" decoding=\"async\" width=\"1024\" height=\"487\" src=\"https:\/\/www.ecoonline.com\/wp-content\/uploads\/2025\/04\/SE-Image-Blog-SAM-hjul-Arbetsmiljoverket-tolkning-1-1024x487.webp\" alt=\"SAM-hjul: se de olika delarna i det systematiska arbetsmilj\u00f6arbetet\" class=\"wp-image-103982\" srcset=\"https:\/\/www.ecoonline.com\/wp-content\/uploads\/2025\/04\/SE-Image-Blog-SAM-hjul-Arbetsmiljoverket-tolkning-1-1024x487.webp 1024w, https:\/\/www.ecoonline.com\/wp-content\/uploads\/2025\/04\/SE-Image-Blog-SAM-hjul-Arbetsmiljoverket-tolkning-1-300x143.webp 300w, https:\/\/www.ecoonline.com\/wp-content\/uploads\/2025\/04\/SE-Image-Blog-SAM-hjul-Arbetsmiljoverket-tolkning-1-768x366.webp 768w, https:\/\/www.ecoonline.com\/wp-content\/uploads\/2025\/04\/SE-Image-Blog-SAM-hjul-Arbetsmiljoverket-tolkning-1-640x305.webp 640w, https:\/\/www.ecoonline.com\/wp-content\/uploads\/2025\/04\/SE-Image-Blog-SAM-hjul-Arbetsmiljoverket-tolkning-1.webp 1248w\" sizes=\"(max-width: 1024px) 100vw, 1024px\" \/><\/figure>\n\n\n\n<div style=\"height:45px\" aria-hidden=\"true\" class=\"wp-block-spacer\"><\/div>\n\n\n\n<p>Enligt Arbetsmilj\u00f6verkets SAM-f\u00f6reskrifter ska allts\u00e5 varje verksamhet kontinuerligt arbeta utifr\u00e5n den h\u00e4r modellen. Man \u00e4r fri att l\u00e4gga upp arbetsg\u00e5ngen lite hur man vill, men de centrala&nbsp;momenten ska f\u00f6rekomma och h\u00e4nger naturligt ihop med varandra.<\/p>\n\n\n\n<ul class=\"wp-block-list\">\n<li>Man ska dels l\u00f6pande unders\u00f6ka den r\u00e5dande verksamheten och samla information om de r\u00e5dande f\u00f6ruts\u00e4ttningarna. Det kan g\u00f6ras genom att prata med alla anst\u00e4llda eller g\u00e5 igenom statistik om&nbsp;exempelvis sjukfr\u00e5nvaro eller arbetsplatsskador. P\u00e5 s\u00e5 s\u00e4tt skapar verksamheten en god nul\u00e4gesbeskrivning av arbetsmilj\u00f6n.<\/li>\n\n\n\n<li>Utifr\u00e5n detta ska sedan en bed\u00f6mning av de risker som identifierats vid unders\u00f6kningen g\u00f6ras. Genom att synligg\u00f6ra riskerna och fundera p\u00e5 dess skala hamnar de i ledningens och de anst\u00e4lldas&nbsp;medvetande, och d\u00e4rifr\u00e5n har man sedan en god grund att st\u00e5 p\u00e5 inf\u00f6r eventuella \u00e5tg\u00e4rder.<\/li>\n\n\n\n<li>F\u00f6r n\u00e4r man har riskerna klart framf\u00f6r sig g\u00e5r det n\u00e4mligen att t\u00e4nka ut och s\u00e4tta in \u00e5tg\u00e4rder f\u00f6r att minimera riskerna och d\u00e4rmed skapa en s\u00e4krare arbetsmilj\u00f6.<\/li>\n\n\n\n<li>Den sista fasen handlar om att kontrollera om de implementerade \u00e5tg\u00e4rderna haft en faktisk effekt p\u00e5 verksamheten eller inte. Det \u00e4r l\u00e4tt att tro att en \u00e5tg\u00e4rd l\u00f6ser hela problemet, men det \u00e4r&nbsp;inte alltid s\u00e5 enkelt. Vid en kontroll kan man bli uppm\u00e4rksammad p\u00e5 detta och d\u00e4rmed beh\u00f6va prova nya \u00e5tg\u00e4rder, innan hjulet b\u00f6rjar om och det \u00e4r dags att unders\u00f6ka arbetsplatsen igen.<\/li>\n<\/ul>\n\n\n\n<p><em>SAM-arbetet sett som ett hjul ger en bra bild av processen \u2013 f\u00f6r den tar n\u00e4mligen aldrig slut.<\/em><\/p>\n\n\n\n<p>Arbetsmilj\u00f6n kan alltid bli lite b\u00e4ttre oavsett vilken arbetsplats det handlar om. Och \u00e4ven om alla parter upplever arbetsmilj\u00f6n som tillfredsst\u00e4llande och att det inte finns n\u00e5got att klaga p\u00e5 s\u00e5&nbsp;g\u00e4ller det att st\u00e4ndigt vara medveten om potentiella risker och forts\u00e4tta arbeta f\u00f6r att bibeh\u00e5lla det goda klimatet och s\u00e4kerhetskulturen p\u00e5 arbetsplatsen.&nbsp;<\/p>\n\n\n\n<div style=\"height:45px\" aria-hidden=\"true\" class=\"wp-block-spacer\"><\/div>\n\n\n\n<h2 class=\"wp-block-heading has-large-font-size\">Vem ansvarar f\u00f6r arbetsmilj\u00f6n?&nbsp;<\/h2>\n\n\n\n<p>Det \u00e4r viktigt att komma ih\u00e5g att det alltid \u00e4r arbetsgivaren som har det yttersta ansvaret f\u00f6r arbetsmilj\u00f6fr\u00e5gorna. Men det bygger till stor del p\u00e5 samverkan. Om alla p\u00e5 en arbetsplats har k\u00e4nslan&nbsp;av att de spelar i samma lag med ett gemensamt m\u00e5l blir det mycket enklare att n\u00e5 dit.<\/p>\n\n\n\n<p>I sj\u00e4lva arbetsmilj\u00f6arbetet har alla anst\u00e4llda m\u00f6jligheten att f\u00e5 sin r\u00f6st h\u00f6rd, men&nbsp;<a href=\"https:\/\/www.av.se\/arbetsmiljoarbete-och-inspektioner\/skyddsombud-och-arbetsmiljoombud\/\">det g\u00f6rs ofta&nbsp;via ett arbetsmilj\u00f6ombud<\/a>, \u00e4ven kallat&nbsp;<a href=\"https:\/\/www.ecoonline.com\/sv\/blogg\/skyddsombud\">skyddsombud.<\/a>&nbsp;Hen \u00e4r de anst\u00e4lldas representant i samverkan med arbetsgivaren, och har enligt arbetsmilj\u00f6lagen f\u00f6ljande&nbsp;r\u00e4ttigheter:&nbsp;<\/p>\n\n\n\n<ul class=\"wp-block-list\">\n<li>Avs\u00e4tta en del av sin arbetstid till fr\u00e5gor kring arbetsmilj\u00f6<\/li>\n\n\n\n<li>F\u00e5 relevant utbildning<\/li>\n\n\n\n<li>Vara med i planering av f\u00f6r\u00e4ndringar i verksamheten, exempelvis nyorganisationer eller flytt till nya lokaler<\/li>\n\n\n\n<li>Ta del av dokument g\u00e4llande arbetsmilj\u00f6fr\u00e5gor p\u00e5 arbetsplatsen<\/li>\n\n\n\n<li>Beg\u00e4ra att \u00e5tg\u00e4rder s\u00e4tts in mot brister i arbetsmilj\u00f6n<\/li>\n\n\n\n<li>Stoppa arbeten eller andra f\u00f6rh\u00e5llanden som kan inneb\u00e4ra fara f\u00f6r de anst\u00e4lldas h\u00e4lsa&nbsp;<br><br><\/li>\n<\/ul>\n\n\n\n<figure class=\"wp-block-image size-large\"><img loading=\"lazy\" decoding=\"async\" width=\"1024\" height=\"487\" src=\"https:\/\/www.ecoonline.com\/wp-content\/uploads\/2025\/04\/SE-Blog-Image-Samarbete-Samverkan-enligt-SAM-1024x487.webp\" alt=\"Vem \u00e4r ansvarig f\u00f6r arbetsmilj\u00f6n? Samarbete och samverkan finns som en del i det systematiska arbetsmilj\u00f6arbetet, SAM\" class=\"wp-image-104003\" srcset=\"https:\/\/www.ecoonline.com\/wp-content\/uploads\/2025\/04\/SE-Blog-Image-Samarbete-Samverkan-enligt-SAM-1024x487.webp 1024w, https:\/\/www.ecoonline.com\/wp-content\/uploads\/2025\/04\/SE-Blog-Image-Samarbete-Samverkan-enligt-SAM-300x143.webp 300w, https:\/\/www.ecoonline.com\/wp-content\/uploads\/2025\/04\/SE-Blog-Image-Samarbete-Samverkan-enligt-SAM-768x366.webp 768w, https:\/\/www.ecoonline.com\/wp-content\/uploads\/2025\/04\/SE-Blog-Image-Samarbete-Samverkan-enligt-SAM-640x305.webp 640w, https:\/\/www.ecoonline.com\/wp-content\/uploads\/2025\/04\/SE-Blog-Image-Samarbete-Samverkan-enligt-SAM.webp 1248w\" sizes=\"(max-width: 1024px) 100vw, 1024px\" \/><\/figure>\n\n\n\n<div style=\"height:45px\" aria-hidden=\"true\" class=\"wp-block-spacer\"><\/div>\n\n\n\n<div style=\"height:45px\" aria-hidden=\"true\" class=\"wp-block-spacer\"><\/div>\n\n\n\n<h2 class=\"wp-block-heading has-large-font-size\">Rapportera brister i arbetsmilj\u00f6n<\/h2>\n\n\n\n<p>V\u00e4nd dig till skyddsombudet om du uppt\u00e4cker brister eller upplev ett&nbsp;<a href=\"https:\/\/www.ecoonline.com\/sv\/blogg\/arbetsmiljoproblem\">arbetsmilj\u00f6problem<\/a>&nbsp;p\u00e5 arbetsplatsen.&nbsp;<a href=\"https:\/\/www.ecoonline.com\/sv\/blogg\/tillbud\">Brister, avvikelser&nbsp;eller tillbud<\/a>&nbsp;\u00e4r mer eller mindre samma sak men h\u00e4r handlar det ocks\u00e5 du som arbetsgivare och medarbetare vet vad begreppet inneb\u00e4r p\u00e5 er gemensamma arbetsplats.<\/p>\n\n\n\n<p>Som tidigare n\u00e4mnts s\u00e5 \u00e4r&nbsp;<a href=\"https:\/\/www.ecoonline.com\/sv\/blogg\/skyddsombud\">sky<\/a><a href=\"https:\/\/www.ecoonline.com\/sv\/blogg\/skyddsombud\">ddsombudet<\/a>&nbsp;ofta en del av ett fackf\u00f6rbund och utses av deras lokala medlemmar. Finns ett&nbsp;kollektivavtal s\u00e5 \u00e4r det den fackliga representanten (ofta samma person som skyddsombudet) som hanterar fr\u00e5gor kring l\u00f6n och semester. Saknas ett kollektivavtal s\u00e5 hanterar skyddsombudet samma&nbsp;fr\u00e5gor, men d\u00e5 utanf\u00f6r ramen f\u00f6r ett fackf\u00f6rbund.<\/p>\n\n\n\n<p>Sammantaget \u00e4r skyddsombudet allts\u00e5 en viktig och v\u00e4rdefull person p\u00e5 arbetsplatsen. Som l\u00e4nk mellan anst\u00e4llda och ledning kan man ha goda f\u00f6ruts\u00e4ttningar f\u00f6r att skapa en f\u00f6r\u00e4ndring i r\u00e4tt&nbsp;riktning. \u00c4r arbetsplatsen stor brukar arbetsmilj\u00f6fr\u00e5gorna \u00e4ven omfatta fler skyddsombud med olika ansvarsomr\u00e5den, som vanligen samverkar i arbetsmilj\u00f6grupper tillsammans med ledningen.<\/p>\n\n\n\n<div style=\"height:45px\" aria-hidden=\"true\" class=\"wp-block-spacer\"><\/div>\n\n\n\n<!--HubSpot Call-to-Action Code --><span class=\"hs-cta-wrapper\" id=\"hs-cta-wrapper-1d63335e-c13f-493d-9304-5fbf048f7e77\"><span class=\"hs-cta-node hs-cta-1d63335e-c13f-493d-9304-5fbf048f7e77\" id=\"hs-cta-1d63335e-c13f-493d-9304-5fbf048f7e77\"><a href=\"https:\/\/hubspot-cta-redirect-eu1-prod.s3.amazonaws.com\/cta\/redirect\/144606870\/1d63335e-c13f-493d-9304-5fbf048f7e77\" target=\"_blank\" rel=\"noopener\"><img decoding=\"async\" class=\"hs-cta-img\" id=\"hs-cta-img-1d63335e-c13f-493d-9304-5fbf048f7e77\" style=\"border-width:0px\" src=\"https:\/\/hubspot-no-cache-eu1-prod.s3.amazonaws.com\/cta\/default\/144606870\/1d63335e-c13f-493d-9304-5fbf048f7e77.png\" alt=\"Ny uppmaning till handling\" \/><\/a><\/span> <\/span><!-- end HubSpot Call-to-Action Code -->\n\n\n\n<div style=\"height:45px\" aria-hidden=\"true\" class=\"wp-block-spacer\"><\/div>\n\n\n\n<h2 class=\"wp-block-heading has-large-font-size\">Policy, riskbed\u00f6mning och uppf\u00f6ljning&nbsp;<\/h2>\n\n\n\n<p>Bryter man ned det ovan n\u00e4mnda SAM-hjulet och tittar n\u00e4rmare p\u00e5 Arbetsmilj\u00f6verkets f\u00f6reskrifter ska varje arbetsplats uppfylla f\u00f6ljande kriterier:&nbsp;<\/p>\n\n\n\n<ul class=\"wp-block-list\">\n<li><em><a href=\"https:\/\/www.ecoonline.com\/sv\/blogg\/hur-du-tar-fram-en-bra-arbetsmiljopolicy\">Arbetsmilj\u00f6policy<\/a>:\u00a0<\/em>Det ska finnas en\u00a0<a href=\"https:\/\/www.arbetsgivarverket.se\/ledare-i-staten\/arbetsgivarguiden\/arbetsmiljo\/systematiskt-arbetsmiljoarbete\/\">utarbetad arbetsmilj\u00f6policy med tillh\u00f6rande rutiner<\/a>\u00a0f\u00f6r att s\u00e4kerst\u00e4lla dess\u00a0efterlevnad. Policyn ska ta sin utg\u00e5ngspunkt i de risker som identifierats av skyddsombud och arbetsgivare.<\/li>\n\n\n\n<li><em>Riskbed\u00f6mning:<\/em>&nbsp;Arbetsgivaren \u00e4r hela tiden skyldig att bed\u00f6ma de risker som medarbetarna kan uts\u00e4ttas f\u00f6r i sitt arbete. Sker stora f\u00f6r\u00e4ndringar i verksamheten \u2013 s\u00e5 som en&nbsp;omorganisering, en flytt eller flera nyanst\u00e4llningar \u2013 s\u00e5 ska en ny riskbed\u00f6mning g\u00f6ras. F\u00f6r\u00e4ndringar tenderar att skapa os\u00e4kerhet i en verksamhet, s\u00e5 f\u00f6r att uppr\u00e4tth\u00e5lla god fysisk och&nbsp;psykosocial h\u00e4lsa bland medarbetarna \u00e4r detta av yttersta vikt.<\/li>\n\n\n\n<li><em>\u00c5rlig uppf\u00f6ljning:<\/em>&nbsp;Det ska \u00e5rligen g\u00f6ras en uppf\u00f6ljning av aktuella arbetsmilj\u00f6fr\u00e5gor f\u00f6r att f\u00e5 en fingervisning om hur arbetsplatsen m\u00e5r och kunna plocka upp fr\u00e5gor d\u00e4r det finns plats&nbsp;till f\u00f6rb\u00e4ttring. Uppf\u00f6ljning \u00e4r en del av \u201dkontroll\u201d-delen i SAM-hjulet och kan exempelvis ske genom enk\u00e4ter som skickas ut till de anst\u00e4llda, eller genom att titta p\u00e5 konkreta nyckeltal f\u00f6r&nbsp;arbetsplatsskador.&nbsp;<\/li>\n<\/ul>\n\n\n\n<div style=\"height:45px\" aria-hidden=\"true\" class=\"wp-block-spacer\"><\/div>\n\n\n\n<h2 class=\"wp-block-heading has-large-font-size\">Vanliga fr\u00e5gor&nbsp;<\/h2>\n\n\n\n<p><em>Vad menas med arbetsmilj\u00f6ansvar?&nbsp;<\/em><br><a href=\"https:\/\/www.av.se\/arbetsmiljoarbete-och-inspektioner\/arbetsgivarens-ansvar-for-arbetsmiljon\/\">Arbetsgivaren har alltid ett ansvar att se till att f\u00f6lja Arbetsmilj\u00f6verkets lagar och&nbsp;f\u00f6reskrifter<\/a>. I praktiken betyder det att alla som jobbar p\u00e5 en arbetsplats ska m\u00e5 bra och k\u00e4nna sig trygga \u2013 fysiskt, socialt och psykiskt.&nbsp;<\/p>\n\n\n\n<p><em>Hur vet jag vad som klassas som en arbetsmilj\u00f6fr\u00e5ga?<\/em>&nbsp;<br>Allt som p\u00e5 n\u00e5got s\u00e4tt ber\u00f6r ditt arbete kan ses som en arbetsmilj\u00f6fr\u00e5ga. Men om man upplever ett problem i sin vardag kan det ibland vara sv\u00e5rt att veta om det \u00e4r n\u00e5got som \u00e4r relaterat till ens&nbsp;arbete.<\/p>\n\n\n\n<p>K\u00e4nner du dig os\u00e4ker kan du alltid v\u00e4nda dig till din arbetsgivare eller skyddsombud f\u00f6r att f\u00e5 v\u00e4gledning.&nbsp;<\/p>\n\n\n\n<p><em>Vad h\u00e4nder om min arbetsgivare inte f\u00f6ljer Arbetsmilj\u00f6verkets lagar och f\u00f6reskrifter?<\/em>&nbsp;<br>Om det sker en allvarlig olycka p\u00e5 arbetsplatsen till f\u00f6ljd av att lagarna inte f\u00f6ljts s\u00e5 kan det anm\u00e4las som ett arbetsmilj\u00f6brott enligt brottsbalken och arbetsmilj\u00f6lagen.<\/p>\n\n\n\n<p>Arbetsgivaren kan bli skyldig att betala en avgift, men i vissa fall kan det pr\u00f6vas i en domstol med b\u00f6ter eller enstaka fall \u00e4ven f\u00e4ngelse som p\u00e5f\u00f6ljd.<\/p>\n\n\n\n<div style=\"height:45px\" aria-hidden=\"true\" class=\"wp-block-spacer\"><\/div>\n\n\n\n<!--HubSpot Call-to-Action Code --><span class=\"hs-cta-wrapper\" id=\"hs-cta-wrapper-047649ee-0f15-4fa9-bb75-79d556781841\"><span class=\"hs-cta-node hs-cta-047649ee-0f15-4fa9-bb75-79d556781841\" id=\"hs-cta-047649ee-0f15-4fa9-bb75-79d556781841\"><a href=\"https:\/\/hubspot-cta-redirect-eu1-prod.s3.amazonaws.com\/cta\/redirect\/144606870\/047649ee-0f15-4fa9-bb75-79d556781841\"><img decoding=\"async\" class=\"hs-cta-img\" id=\"hs-cta-img-047649ee-0f15-4fa9-bb75-79d556781841\" style=\"border-width:0px\" src=\"https:\/\/hubspot-no-cache-eu1-prod.s3.amazonaws.com\/cta\/default\/144606870\/047649ee-0f15-4fa9-bb75-79d556781841.png\" alt=\"Ny uppmaning till handling\" \/><\/a><\/span><\/span><!-- end HubSpot Call-to-Action Code -->\n\n<\/div>\n\t\t\n\t        <\/section>\n","protected":false},"excerpt":{"rendered":"<p>Arbetsmilj\u00f6fr\u00e5gor \u00e4r ett brett omr\u00e5de. H\u00e4r kan du l\u00e4sa och f\u00e5 svar p\u00e5 dina fr\u00e5gor om lagar, hantering i jobbvardagen, ansvarsomr\u00e5de och policy. <\/p>\n","protected":false},"author":2,"featured_media":60475,"comment_status":"closed","ping_status":"closed","sticky":false,"template":"","format":"standard","meta":{"_acf_changed":false,"content-type":"","footnotes":"","_links_to":"","_links_to_target":""},"category":[663],"tags":[],"item-type":[179],"class_list":["post-60474","post","type-post","status-publish","format-standard","has-post-thumbnail","hentry","category-arbetsmiljo","item-type-artiklar"],"acf":[],"yoast_head":"<!-- This site is optimized with the Yoast SEO plugin v27.3 - https:\/\/yoast.com\/product\/yoast-seo-wordpress\/ -->\n<title>Allt du beh\u00f6ver veta om arbetsmilj\u00f6fr\u00e5gor | EcoOnline<\/title>\n<meta name=\"description\" content=\"En trygg och s\u00e4ker arbetsmilj\u00f6 \u00e4r A och O. H\u00e4r kan du l\u00e4sa mer om lagar kring arbetsmilj\u00f6. F\u00e5 svar p\u00e5 dina fr\u00e5gor om arbetsmilj\u00f6n genom att l\u00e4sa den h\u00e4r artikeln.\" \/>\n<meta name=\"robots\" content=\"index, follow, max-snippet:-1, max-image-preview:large, max-video-preview:-1\" \/>\n<link rel=\"canonical\" href=\"https:\/\/www.ecoonline.com\/sv\/blogg\/allt-du-behover-veta-om-arbetsmiljofragor\/\" \/>\n<meta property=\"og:locale\" content=\"sv_SE\" \/>\n<meta property=\"og:type\" content=\"article\" \/>\n<meta property=\"og:title\" content=\"Allt du beh\u00f6ver veta om arbetsmilj\u00f6fr\u00e5gor | EcoOnline\" \/>\n<meta property=\"og:description\" content=\"En trygg och s\u00e4ker arbetsmilj\u00f6 \u00e4r A och O. H\u00e4r kan du l\u00e4sa mer om lagar kring arbetsmilj\u00f6. F\u00e5 svar p\u00e5 dina fr\u00e5gor om arbetsmilj\u00f6n genom att l\u00e4sa den h\u00e4r artikeln.\" \/>\n<meta property=\"og:url\" content=\"https:\/\/www.ecoonline.com\/sv\/blogg\/allt-du-behover-veta-om-arbetsmiljofragor\/\" \/>\n<meta property=\"og:site_name\" content=\"EcoOnline\" \/>\n<meta property=\"article:published_time\" content=\"2025-05-06T12:48:01+00:00\" \/>\n<meta property=\"article:modified_time\" content=\"2025-09-24T09:46:04+00:00\" \/>\n<meta property=\"og:image\" content=\"https:\/\/www.ecoonline.com\/wp-content\/uploads\/2024\/12\/Health20and20Safety20Consultancy201200x628-1.webp\" \/>\n\t<meta property=\"og:image:width\" content=\"1200\" \/>\n\t<meta property=\"og:image:height\" content=\"628\" \/>\n\t<meta property=\"og:image:type\" content=\"image\/webp\" \/>\n<meta name=\"author\" content=\"Helen Down\" \/>\n<meta name=\"twitter:card\" content=\"summary_large_image\" \/>\n<meta name=\"twitter:label1\" content=\"Skriven av\" \/>\n\t<meta name=\"twitter:data1\" content=\"Helen Down\" \/>\n\t<meta name=\"twitter:label2\" content=\"Ber\u00e4knad l\u00e4stid\" \/>\n\t<meta name=\"twitter:data2\" content=\"9 minuter\" \/>\n<script type=\"application\/ld+json\" class=\"yoast-schema-graph\">{\"@context\":\"https:\\\/\\\/schema.org\",\"@graph\":[{\"@type\":\"Article\",\"@id\":\"https:\\\/\\\/www.ecoonline.com\\\/sv\\\/blogg\\\/allt-du-behover-veta-om-arbetsmiljofragor\\\/#article\",\"isPartOf\":{\"@id\":\"https:\\\/\\\/www.ecoonline.com\\\/sv\\\/blogg\\\/allt-du-behover-veta-om-arbetsmiljofragor\\\/\"},\"author\":{\"name\":\"Helen Down\",\"@id\":\"https:\\\/\\\/www.ecoonline.com\\\/sv\\\/#\\\/schema\\\/person\\\/c545ead400ca6bfa78acad19123e7250\"},\"headline\":\"Allt du beh\u00f6ver veta om arbetsmilj\u00f6fr\u00e5gor\",\"datePublished\":\"2025-05-06T12:48:01+00:00\",\"dateModified\":\"2025-09-24T09:46:04+00:00\",\"mainEntityOfPage\":{\"@id\":\"https:\\\/\\\/www.ecoonline.com\\\/sv\\\/blogg\\\/allt-du-behover-veta-om-arbetsmiljofragor\\\/\"},\"wordCount\":2139,\"publisher\":{\"@id\":\"https:\\\/\\\/www.ecoonline.com\\\/sv\\\/#organization\"},\"image\":{\"@id\":\"https:\\\/\\\/www.ecoonline.com\\\/sv\\\/blogg\\\/allt-du-behover-veta-om-arbetsmiljofragor\\\/#primaryimage\"},\"thumbnailUrl\":\"https:\\\/\\\/www.ecoonline.com\\\/wp-content\\\/uploads\\\/2024\\\/12\\\/Health20and20Safety20Consultancy201200x628-1.webp\",\"articleSection\":[\"Arbetsmilj\u00f6\"],\"inLanguage\":\"sv-SE\"},{\"@type\":\"WebPage\",\"@id\":\"https:\\\/\\\/www.ecoonline.com\\\/sv\\\/blogg\\\/allt-du-behover-veta-om-arbetsmiljofragor\\\/\",\"url\":\"https:\\\/\\\/www.ecoonline.com\\\/sv\\\/blogg\\\/allt-du-behover-veta-om-arbetsmiljofragor\\\/\",\"name\":\"Allt du beh\u00f6ver veta om arbetsmilj\u00f6fr\u00e5gor | EcoOnline\",\"isPartOf\":{\"@id\":\"https:\\\/\\\/www.ecoonline.com\\\/sv\\\/#website\"},\"primaryImageOfPage\":{\"@id\":\"https:\\\/\\\/www.ecoonline.com\\\/sv\\\/blogg\\\/allt-du-behover-veta-om-arbetsmiljofragor\\\/#primaryimage\"},\"image\":{\"@id\":\"https:\\\/\\\/www.ecoonline.com\\\/sv\\\/blogg\\\/allt-du-behover-veta-om-arbetsmiljofragor\\\/#primaryimage\"},\"thumbnailUrl\":\"https:\\\/\\\/www.ecoonline.com\\\/wp-content\\\/uploads\\\/2024\\\/12\\\/Health20and20Safety20Consultancy201200x628-1.webp\",\"datePublished\":\"2025-05-06T12:48:01+00:00\",\"dateModified\":\"2025-09-24T09:46:04+00:00\",\"description\":\"En trygg och s\u00e4ker arbetsmilj\u00f6 \u00e4r A och O. H\u00e4r kan du l\u00e4sa mer om lagar kring arbetsmilj\u00f6. F\u00e5 svar p\u00e5 dina fr\u00e5gor om arbetsmilj\u00f6n genom att l\u00e4sa den h\u00e4r artikeln.\",\"inLanguage\":\"sv-SE\",\"potentialAction\":[{\"@type\":\"ReadAction\",\"target\":[\"https:\\\/\\\/www.ecoonline.com\\\/sv\\\/blogg\\\/allt-du-behover-veta-om-arbetsmiljofragor\\\/\"]}]},{\"@type\":\"ImageObject\",\"inLanguage\":\"sv-SE\",\"@id\":\"https:\\\/\\\/www.ecoonline.com\\\/sv\\\/blogg\\\/allt-du-behover-veta-om-arbetsmiljofragor\\\/#primaryimage\",\"url\":\"https:\\\/\\\/www.ecoonline.com\\\/wp-content\\\/uploads\\\/2024\\\/12\\\/Health20and20Safety20Consultancy201200x628-1.webp\",\"contentUrl\":\"https:\\\/\\\/www.ecoonline.com\\\/wp-content\\\/uploads\\\/2024\\\/12\\\/Health20and20Safety20Consultancy201200x628-1.webp\",\"width\":1200,\"height\":628},{\"@type\":\"WebSite\",\"@id\":\"https:\\\/\\\/www.ecoonline.com\\\/sv\\\/#website\",\"url\":\"https:\\\/\\\/www.ecoonline.com\\\/sv\\\/\",\"name\":\"EcoOnline\",\"description\":\"\",\"publisher\":{\"@id\":\"https:\\\/\\\/www.ecoonline.com\\\/sv\\\/#organization\"},\"potentialAction\":[{\"@type\":\"SearchAction\",\"target\":{\"@type\":\"EntryPoint\",\"urlTemplate\":\"https:\\\/\\\/www.ecoonline.com\\\/sv\\\/?s={search_term_string}\"},\"query-input\":{\"@type\":\"PropertyValueSpecification\",\"valueRequired\":true,\"valueName\":\"search_term_string\"}}],\"inLanguage\":\"sv-SE\"},{\"@type\":\"Organization\",\"@id\":\"https:\\\/\\\/www.ecoonline.com\\\/sv\\\/#organization\",\"name\":\"EcoOnline\",\"url\":\"https:\\\/\\\/www.ecoonline.com\\\/sv\\\/\",\"logo\":{\"@type\":\"ImageObject\",\"inLanguage\":\"sv-SE\",\"@id\":\"https:\\\/\\\/www.ecoonline.com\\\/sv\\\/#\\\/schema\\\/logo\\\/image\\\/\",\"url\":\"https:\\\/\\\/www.ecoonline.com\\\/wp-content\\\/uploads\\\/2024\\\/12\\\/ecoonline-logo.webp\",\"contentUrl\":\"https:\\\/\\\/www.ecoonline.com\\\/wp-content\\\/uploads\\\/2024\\\/12\\\/ecoonline-logo.webp\",\"width\":888,\"height\":613,\"caption\":\"EcoOnline\"},\"image\":{\"@id\":\"https:\\\/\\\/www.ecoonline.com\\\/sv\\\/#\\\/schema\\\/logo\\\/image\\\/\"}},{\"@type\":\"Person\",\"@id\":\"https:\\\/\\\/www.ecoonline.com\\\/sv\\\/#\\\/schema\\\/person\\\/c545ead400ca6bfa78acad19123e7250\",\"name\":\"Helen Down\",\"image\":{\"@type\":\"ImageObject\",\"inLanguage\":\"sv-SE\",\"@id\":\"https:\\\/\\\/secure.gravatar.com\\\/avatar\\\/d9c8170c547e21431f459914b8b62b7a010840cc1902d8823112cc29467d7dda?s=96&d=mm&r=g\",\"url\":\"https:\\\/\\\/secure.gravatar.com\\\/avatar\\\/d9c8170c547e21431f459914b8b62b7a010840cc1902d8823112cc29467d7dda?s=96&d=mm&r=g\",\"contentUrl\":\"https:\\\/\\\/secure.gravatar.com\\\/avatar\\\/d9c8170c547e21431f459914b8b62b7a010840cc1902d8823112cc29467d7dda?s=96&d=mm&r=g\",\"caption\":\"Helen Down\"}}]}<\/script>\n<!-- \/ Yoast SEO plugin. -->","yoast_head_json":{"title":"Allt du beh\u00f6ver veta om arbetsmilj\u00f6fr\u00e5gor | EcoOnline","description":"En trygg och s\u00e4ker arbetsmilj\u00f6 \u00e4r A och O. H\u00e4r kan du l\u00e4sa mer om lagar kring arbetsmilj\u00f6. F\u00e5 svar p\u00e5 dina fr\u00e5gor om arbetsmilj\u00f6n genom att l\u00e4sa den h\u00e4r artikeln.","robots":{"index":"index","follow":"follow","max-snippet":"max-snippet:-1","max-image-preview":"max-image-preview:large","max-video-preview":"max-video-preview:-1"},"canonical":"https:\/\/www.ecoonline.com\/sv\/blogg\/allt-du-behover-veta-om-arbetsmiljofragor\/","og_locale":"sv_SE","og_type":"article","og_title":"Allt du beh\u00f6ver veta om arbetsmilj\u00f6fr\u00e5gor | EcoOnline","og_description":"En trygg och s\u00e4ker arbetsmilj\u00f6 \u00e4r A och O. H\u00e4r kan du l\u00e4sa mer om lagar kring arbetsmilj\u00f6. F\u00e5 svar p\u00e5 dina fr\u00e5gor om arbetsmilj\u00f6n genom att l\u00e4sa den h\u00e4r artikeln.","og_url":"https:\/\/www.ecoonline.com\/sv\/blogg\/allt-du-behover-veta-om-arbetsmiljofragor\/","og_site_name":"EcoOnline","article_published_time":"2025-05-06T12:48:01+00:00","article_modified_time":"2025-09-24T09:46:04+00:00","og_image":[{"width":1200,"height":628,"url":"https:\/\/www.ecoonline.com\/wp-content\/uploads\/2024\/12\/Health20and20Safety20Consultancy201200x628-1.webp","type":"image\/webp"}],"author":"Helen Down","twitter_card":"summary_large_image","twitter_misc":{"Skriven av":"Helen Down","Ber\u00e4knad l\u00e4stid":"9 minuter"},"schema":{"@context":"https:\/\/schema.org","@graph":[{"@type":"Article","@id":"https:\/\/www.ecoonline.com\/sv\/blogg\/allt-du-behover-veta-om-arbetsmiljofragor\/#article","isPartOf":{"@id":"https:\/\/www.ecoonline.com\/sv\/blogg\/allt-du-behover-veta-om-arbetsmiljofragor\/"},"author":{"name":"Helen Down","@id":"https:\/\/www.ecoonline.com\/sv\/#\/schema\/person\/c545ead400ca6bfa78acad19123e7250"},"headline":"Allt du beh\u00f6ver veta om arbetsmilj\u00f6fr\u00e5gor","datePublished":"2025-05-06T12:48:01+00:00","dateModified":"2025-09-24T09:46:04+00:00","mainEntityOfPage":{"@id":"https:\/\/www.ecoonline.com\/sv\/blogg\/allt-du-behover-veta-om-arbetsmiljofragor\/"},"wordCount":2139,"publisher":{"@id":"https:\/\/www.ecoonline.com\/sv\/#organization"},"image":{"@id":"https:\/\/www.ecoonline.com\/sv\/blogg\/allt-du-behover-veta-om-arbetsmiljofragor\/#primaryimage"},"thumbnailUrl":"https:\/\/www.ecoonline.com\/wp-content\/uploads\/2024\/12\/Health20and20Safety20Consultancy201200x628-1.webp","articleSection":["Arbetsmilj\u00f6"],"inLanguage":"sv-SE"},{"@type":"WebPage","@id":"https:\/\/www.ecoonline.com\/sv\/blogg\/allt-du-behover-veta-om-arbetsmiljofragor\/","url":"https:\/\/www.ecoonline.com\/sv\/blogg\/allt-du-behover-veta-om-arbetsmiljofragor\/","name":"Allt du beh\u00f6ver veta om arbetsmilj\u00f6fr\u00e5gor | EcoOnline","isPartOf":{"@id":"https:\/\/www.ecoonline.com\/sv\/#website"},"primaryImageOfPage":{"@id":"https:\/\/www.ecoonline.com\/sv\/blogg\/allt-du-behover-veta-om-arbetsmiljofragor\/#primaryimage"},"image":{"@id":"https:\/\/www.ecoonline.com\/sv\/blogg\/allt-du-behover-veta-om-arbetsmiljofragor\/#primaryimage"},"thumbnailUrl":"https:\/\/www.ecoonline.com\/wp-content\/uploads\/2024\/12\/Health20and20Safety20Consultancy201200x628-1.webp","datePublished":"2025-05-06T12:48:01+00:00","dateModified":"2025-09-24T09:46:04+00:00","description":"En trygg och s\u00e4ker arbetsmilj\u00f6 \u00e4r A och O. H\u00e4r kan du l\u00e4sa mer om lagar kring arbetsmilj\u00f6. F\u00e5 svar p\u00e5 dina fr\u00e5gor om arbetsmilj\u00f6n genom att l\u00e4sa den h\u00e4r artikeln.","inLanguage":"sv-SE","potentialAction":[{"@type":"ReadAction","target":["https:\/\/www.ecoonline.com\/sv\/blogg\/allt-du-behover-veta-om-arbetsmiljofragor\/"]}]},{"@type":"ImageObject","inLanguage":"sv-SE","@id":"https:\/\/www.ecoonline.com\/sv\/blogg\/allt-du-behover-veta-om-arbetsmiljofragor\/#primaryimage","url":"https:\/\/www.ecoonline.com\/wp-content\/uploads\/2024\/12\/Health20and20Safety20Consultancy201200x628-1.webp","contentUrl":"https:\/\/www.ecoonline.com\/wp-content\/uploads\/2024\/12\/Health20and20Safety20Consultancy201200x628-1.webp","width":1200,"height":628},{"@type":"WebSite","@id":"https:\/\/www.ecoonline.com\/sv\/#website","url":"https:\/\/www.ecoonline.com\/sv\/","name":"EcoOnline","description":"","publisher":{"@id":"https:\/\/www.ecoonline.com\/sv\/#organization"},"potentialAction":[{"@type":"SearchAction","target":{"@type":"EntryPoint","urlTemplate":"https:\/\/www.ecoonline.com\/sv\/?s={search_term_string}"},"query-input":{"@type":"PropertyValueSpecification","valueRequired":true,"valueName":"search_term_string"}}],"inLanguage":"sv-SE"},{"@type":"Organization","@id":"https:\/\/www.ecoonline.com\/sv\/#organization","name":"EcoOnline","url":"https:\/\/www.ecoonline.com\/sv\/","logo":{"@type":"ImageObject","inLanguage":"sv-SE","@id":"https:\/\/www.ecoonline.com\/sv\/#\/schema\/logo\/image\/","url":"https:\/\/www.ecoonline.com\/wp-content\/uploads\/2024\/12\/ecoonline-logo.webp","contentUrl":"https:\/\/www.ecoonline.com\/wp-content\/uploads\/2024\/12\/ecoonline-logo.webp","width":888,"height":613,"caption":"EcoOnline"},"image":{"@id":"https:\/\/www.ecoonline.com\/sv\/#\/schema\/logo\/image\/"}},{"@type":"Person","@id":"https:\/\/www.ecoonline.com\/sv\/#\/schema\/person\/c545ead400ca6bfa78acad19123e7250","name":"Helen Down","image":{"@type":"ImageObject","inLanguage":"sv-SE","@id":"https:\/\/secure.gravatar.com\/avatar\/d9c8170c547e21431f459914b8b62b7a010840cc1902d8823112cc29467d7dda?s=96&d=mm&r=g","url":"https:\/\/secure.gravatar.com\/avatar\/d9c8170c547e21431f459914b8b62b7a010840cc1902d8823112cc29467d7dda?s=96&d=mm&r=g","contentUrl":"https:\/\/secure.gravatar.com\/avatar\/d9c8170c547e21431f459914b8b62b7a010840cc1902d8823112cc29467d7dda?s=96&d=mm&r=g","caption":"Helen Down"}}]}},"_links":{"self":[{"href":"https:\/\/www.ecoonline.com\/sv\/wp-json\/wp\/v2\/posts\/60474","targetHints":{"allow":["GET"]}}],"collection":[{"href":"https:\/\/www.ecoonline.com\/sv\/wp-json\/wp\/v2\/posts"}],"about":[{"href":"https:\/\/www.ecoonline.com\/sv\/wp-json\/wp\/v2\/types\/post"}],"author":[{"embeddable":true,"href":"https:\/\/www.ecoonline.com\/sv\/wp-json\/wp\/v2\/users\/2"}],"replies":[{"embeddable":true,"href":"https:\/\/www.ecoonline.com\/sv\/wp-json\/wp\/v2\/comments?post=60474"}],"version-history":[{"count":0,"href":"https:\/\/www.ecoonline.com\/sv\/wp-json\/wp\/v2\/posts\/60474\/revisions"}],"wp:featuredmedia":[{"embeddable":true,"href":"https:\/\/www.ecoonline.com\/sv\/wp-json\/wp\/v2\/media\/60475"}],"wp:attachment":[{"href":"https:\/\/www.ecoonline.com\/sv\/wp-json\/wp\/v2\/media?parent=60474"}],"wp:term":[{"taxonomy":"category","embeddable":true,"href":"https:\/\/www.ecoonline.com\/sv\/wp-json\/wp\/v2\/category?post=60474"},{"taxonomy":"post_tag","embeddable":true,"href":"https:\/\/www.ecoonline.com\/sv\/wp-json\/wp\/v2\/tags?post=60474"},{"taxonomy":"item-type","embeddable":true,"href":"https:\/\/www.ecoonline.com\/sv\/wp-json\/wp\/v2\/item-type?post=60474"}],"curies":[{"name":"wp","href":"https:\/\/api.w.org\/{rel}","templated":true}]}}