{"id":60911,"date":"2023-04-18T07:00:00","date_gmt":"2023-04-18T07:00:00","guid":{"rendered":"https:\/\/www.ecoonline.com\/arbetsmiljoproblem\/"},"modified":"2025-09-24T11:01:04","modified_gmt":"2025-09-24T10:01:04","slug":"arbetsmiljoproblem","status":"publish","type":"post","link":"https:\/\/www.ecoonline.com\/sv\/blogg\/arbetsmiljoproblem\/","title":{"rendered":"Arbetsmilj\u00f6problem"},"content":{"rendered":"\n<section class=\"Pegasus__Container w-full   relative h-fit  text-content-dark mobile-stacking-standard is-layout-flow wp-block-pegasus-container-is-layout-flow\" style=\"  padding-bottom:var(--wp--preset--spacing--30); \" >\n\t        \n\t\t\t\t\t\t\t\n\t\t\t\t\t\t\n\t\t\t\t\t\t\n\t\t        \t\t\n\t\t\n\t\n\t\t\t<div class=\"relative h-full is-flex-layout flex flex-col justify-start  w-full\">\n\n<p>Hur hanterar och l\u00f6ser du arbetsmilj\u00f6problem? F\u00f6r vi kan konstatera att arbetsmilj\u00f6n \u00e4r viktig. Den \u00e4r viktig f\u00f6r b\u00e5de verksamheten och f\u00f6r den individuelle medarbetaren.<\/p>\n\n\n\n<p>S\u00e5 h\u00e4r skriver WHO om just arbetsmilj\u00f6:&nbsp;<em>\u201dArbetsmilj\u00f6 en sammanfattande ben\u00e4mning p\u00e5 biologiska, medicinska, fysiologiska, psykologiska, sociala och tekniska faktorer som i arbetssituationen&nbsp;eller i arbetsplatsens omgivning p\u00e5verkar individen.\u201d<\/em>&nbsp;Uppfyller inte din arbetsplats dessa faktorer, s\u00e5 kan det finnas ett arbetsmilj\u00f6problem.<\/p>\n\n\n\n<p>I denna text kikar vi n\u00e4rmre p\u00e5 arbetsmilj\u00f6problem och hur du kan m\u00f6ta dem. Du f\u00e5r ocks\u00e5&nbsp; exempel p\u00e5 vad som \u00e4r arbetsmilj\u00f6problem, vem som ansvarar f\u00f6r arbetsmilj\u00f6problem, kort om&nbsp;skyddsombudets roll och svar p\u00e5 vem som kan hj\u00e4lpa dig i situationer som r\u00f6r dig och din arbetsplats.<\/p>\n\n\n\n<h2 class=\"wp-block-heading has-large-font-size\">Vad \u00e4r ett arbetsmilj\u00f6problem?<\/h2>\n\n\n\n<p>Enkelt f\u00f6rklarat \u2013 det \u00e4r ett problem p\u00e5 din arbetsplats som du upplever p\u00e5verkar dig negativt. H\u00e4r kan du se n\u00e5gra exempel p\u00e5 olika arbetsmilj\u00f6problem:<\/p>\n\n\n\n<p>\u25cf &nbsp; &nbsp;Otillr\u00e4cklig skyddsutrustning&nbsp;\u25cf &nbsp; &nbsp;Hot eller v\u00e5ld fr\u00e5n chef eller kollega&nbsp;\u25cf &nbsp; &nbsp;Ergonomiska problem som d\u00e5liga skrivbord och stolar&nbsp;\u25cf &nbsp; &nbsp;D\u00e5lig luft och ventilation p\u00e5 arbetsplatsen&nbsp;\u25cf &nbsp; &nbsp;H\u00f6ga ljud&nbsp;\u25cf &nbsp; &nbsp;F\u00f6r tung arbetsbelastning&nbsp; som leder till stress&nbsp;\u25cf &nbsp; &nbsp;Ingen karri\u00e4rm\u00e4ssig utveckling<\/p>\n\n\n\n<p>Kom ih\u00e5g att det inte finns n\u00e5gra regler f\u00f6r vad ett arbetsmilj\u00f6problem \u00e4r \u2013 det finns ingen som kan s\u00e4ga till dig hur du ska k\u00e4nna och m\u00e5, eller tala om vad du upplever \u00e4r ett&nbsp;arbetsmilj\u00f6problem.<\/p>\n\n\n\n<p>Arbetsmilj\u00f6problem kan allts\u00e5 r\u00f6ra b\u00e5de din fysiska och psykiska h\u00e4lsa, s\u00e5v\u00e4l som den ocks\u00e5 r\u00f6r de organisatoriska och sociala bitarna. I Sverige f\u00f6ljer vi&nbsp;<a href=\"https:\/\/www.riksdagen.se\/sv\/dokument-lagar\/dokument\/svensk-forfattningssamling\/arbetsmiljolag-19771160_sfs-1977-1160\">arbetsmilj\u00f6lagen,<\/a>&nbsp;som finns till f\u00f6r att skydda dig som anst\u00e4lld.<\/p>\n\n\n\n<figure class=\"wp-block-image\"><img decoding=\"async\" src=\"https:\/\/www.ecoonline.com\/wp-content\/uploads\/2023\/04\/SE20Blog20arbetsmiljC3B6problem-2.webp\" alt=\"SE%20Blog%20arbetsmilj%C3%B6problem.png?width=1200&amp;height=500&amp;name=SE%20Blog%20arbetsmilj%C3%B6problem.png\"\/><\/figure>\n\n\n\n<p><\/p>\n\n\n\n<h3 class=\"wp-block-heading\">Fysiologiskt arbetsmilj\u00f6problem<\/h3>\n\n\n\n<p>Ett fysiologiskt arbetsmilj\u00f6problem har med din fysiska h\u00e4lsa att g\u00f6ra. Det kan r\u00f6ra sig om hantering av kemikalier, tunga lyft och otillr\u00e4cklig skyddsutrustning som till exempel skyddsf\u00f6rkl\u00e4den&nbsp;och visir under en pandemi\/smitta. Det kan ocks\u00e5 r\u00f6ra sig om h\u00f6ga ljud fr\u00e5n till exempel maskiner eller ljud fr\u00e5n \u00f6ppna kontorslandskap i p\u00e5 en s\u00e4ljavdelning.&nbsp;<\/p>\n\n\n\n<h3 class=\"wp-block-heading\">Psykiskt arbetsmilj\u00f6problem<\/h3>\n\n\n\n<p>Ett psykiskt arbetsmilj\u00f6problem har med ditt psykiska v\u00e4lm\u00e5ende att g\u00f6ra. Blir du mobbad av din chef eller utfryst av kollegor, har en orimlig arbetsb\u00f6rda eller kan inte samarbeta med dina kollegor&nbsp;\u2013 ja, d\u00e5 \u00e4r det arbetsmilj\u00f6problem som har med ditt psyke\/psykiska v\u00e4lm\u00e5ende att g\u00f6ra och som kan leda till exempelvis utbr\u00e4ndhet eller andra stressrelaterade symptom.<\/p>\n\n\n\n<p>Socialt arbetsmilj\u00f6problem<\/p>\n\n\n\n<p>Som namnet antyder s\u00e5 har det med det sociala &nbsp;&nbsp;men \u00e4ven de organisatoriska aspekterna&nbsp;att g\u00f6ra p\u00e5 arbetsplatsen. Om du till exempel k\u00e4nner att du st\u00e5r still i din utveckling, att&nbsp;du f\u00e5r d\u00e5ligt st\u00f6d fr\u00e5n kollegor och chefer eller att du har en otrygg anst\u00e4llning, kan detta ha med ett socialt arbetsmilj\u00f6problem att g\u00f6ra.&nbsp;<a href=\"https:\/\/www.ecoonline.com\/sv\/blogg\/osa\">F\u00f6reskriften kring&nbsp;organisatorisk och social arbetsmilj\u00f6, OSA \u00e4r viktig att k\u00e4nna till<\/a>. Den sociala arbetsmilj\u00f6n h\u00e4nger mycket ihop med den psykiska arbetsmilj\u00f6n och g\u00e5r ocks\u00e5 under namnet \u201dpsykosocial&nbsp;arbetsmilj\u00f6\u201d.<\/p>\n\n\n\n<h2 class=\"wp-block-heading has-large-font-size\">Hur \u00e5tg\u00e4rdar du arbetsmilj\u00f6problem?<\/h2>\n\n\n\n<p>Arbetsmilj\u00f6problem kan l\u00f6sas. Din arbetsgivare och din chef \u00e4r skyldiga att tillhandah\u00e5lla s\u00e4rskilda rutiner f\u00f6r brister p\u00e5 arbetsplatsen. N\u00e4r en h\u00e4ndelse anm\u00e4ls ska en&nbsp;<a href=\"https:\/\/www.ecoonline.com\/sv\/blogg\/riskbedomning-arbetsmiljo\">riskbed\u00f6mning (l\u00e4s artikeln om Riskbed\u00f6mning i 5 steg)<\/a>&nbsp;g\u00f6ras och \u00e5tg\u00e4rder planeras in. Det kan handla om till exempel&nbsp;<a href=\"https:\/\/www.ecoonline.com\/sv\/blogg\/forebygg-buller-pa-arbetsplatsen?_ga=2.120335368.1605574398.1681203340-728691275.1681203340\">buller<\/a>,&nbsp;<a href=\"https:\/\/www.ecoonline.com\/sv\/blogg\/hantering-av-kemikalier-och-farliga-amnen\">farliga \u00e4mnen<\/a>,&nbsp;att det inte finns anpassade m\u00f6bler, att det saknas hj\u00e4lpmedel, med mera. Listan kan g\u00f6ras l\u00e5ng. Det finns m\u00e5nga&nbsp;<a href=\"https:\/\/www.ecoonline.com\/sv\/blogg\/allt-du-behover-veta-om-arbetsmiljofragor\">arbetsmilj\u00f6fr\u00e5gor<\/a>&nbsp;att ta h\u00e4nsyn till.<\/p>\n\n\n\n<h3 class=\"wp-block-heading\">S\u00e5 g\u00f6r du en riskbed\u00f6mning<\/h3>\n\n\n\n<p><em>Unders\u00f6k:<\/em>&nbsp;B\u00f6rja med att prata med dina kollegor! De kan ge dig v\u00e4rdefull input och historik.&nbsp;Unders\u00f6k arbetsmilj\u00f6n p\u00e5 plats med&nbsp;<a href=\"https:\/\/www.ecoonline.com\/sv\/blogg\/skyddsrond\">skyddsronder<\/a>, enk\u00e4ter eller med olika m\u00e4tning exempelvis&nbsp;<a href=\"https:\/\/www.ecoonline.com\/sv\/blogg\/forebygg-buller-pa-arbetsplatsen\">bullerm\u00e4tning<\/a>. Du beh\u00f6ver ocks\u00e5 g\u00e5 igenom och analysera inrapporterade tillbud och olyckor och genomf\u00f6rda arbetsm\u00f6ten.<\/p>\n\n\n\n<p>N\u00e4r du riskbed\u00f6mer, ta med en kollega. Var g\u00e4rna minst tv\u00e5 som riskbed\u00f6mmer, d\u00e5 alla ser risker p\u00e5 olika s\u00e4tt. F\u00f6rs\u00f6k att vara objektiv och fr\u00e5ga dig sj\u00e4lv:<\/p>\n\n\n\n<ul class=\"wp-block-list\">\n<li>Hur skulle jag uppleva milj\u00f6n om jag kom hit f\u00f6r f\u00f6rsta g\u00e5ngen?<\/li>\n\n\n\n<li>Vad ser jag som riskabelt i denna milj\u00f6?<\/li>\n<\/ul>\n\n\n\n<p><em>Riskbed\u00f6m:<\/em><\/p>\n\n\n\n<p>Bed\u00f6m om arbetsmilj\u00f6problemet har en h\u00f6g, medel eller l\u00e5g risk. &nbsp;Dela upp arbetsplatsen eller arbetsmomentet i olika sektioner eller delar.<\/p>\n\n\n\n<p><em>\u00c5tg\u00e4rda:<\/em><\/p>\n\n\n\n<p>Vissa \u00e5tg\u00e4rder m\u00e5ste g\u00f6ras direkt, ibland kan de vara s\u00e5 allvarliga att verksamheten m\u00e5ste st\u00e4ngas ned. Det kan vara arbetsmilj\u00f6risker som en l\u00e4cka, en smitta utan skydd osv.&nbsp;G\u00f6r en handlingsplan d\u00e4r det framg\u00e5r vad problemet \u00e4r, vem som ansvarar f\u00f6r handlingsplanen och vad som ska g\u00f6ras.<\/p>\n\n\n\n<p><em>Kontrollera:<\/em><\/p>\n\n\n\n<p>F\u00f6lj upp riskbed\u00f6mningen och handlingsplanen. \u00c4r arbetsmilj\u00f6n f\u00f6rb\u00e4ttrad, har det blivit n\u00e5gon skillnad? Om inte m\u00e5ste du g\u00f6ra en ny riskbed\u00f6mning f\u00f6r att minska eller eliminera risken.<\/p>\n\n\n\n<figure class=\"wp-block-image\"><a href=\"https:\/\/www.info.ecoonline.com\/sv\/nedladdningsbara\/riskbedomning-arbetsmiljo\"><img decoding=\"async\" src=\"https:\/\/www.ecoonline.com\/wp-content\/uploads\/2023\/04\/c9170590-41aa-4cf8-af7e-9031809da9e7-2.webp\" alt=\"c9170590-41aa-4cf8-af7e-9031809da9e7.png\"\/><\/a><\/figure>\n\n\n\n<p><\/p>\n\n\n\n<h2 class=\"wp-block-heading has-large-font-size\">Vem ansvarar f\u00f6r arbetsmilj\u00f6n p\u00e5 arbetsplatsen?<\/h2>\n\n\n\n<p>Ansvaret f\u00f6r arbetsmilj\u00f6n ligger alltid hos arbetsgivaren och chefen. Det \u00e4r alltid chefens yttersta ansvar att veta vad som ing\u00e5r i arbetsmilj\u00f6lagen och att se till att arbetsplatsen f\u00f6ljer den&nbsp;lagen. Men beroende p\u00e5 f\u00f6retagets storlek, kan det ansvaret f\u00f6rdelas p\u00e5 olika s\u00e4tt till flera personer. En verksamhet med fler \u00e4n fem anst\u00e4llda ska alltid ha ett skyddsombud, men beroende p\u00e5 vilka&nbsp;risker som finns i f\u00f6retaget, kan ett skyddsombud beh\u00f6vas \u00e4ven om man \u00e4r f\u00e4rre \u00e4n s\u00e5.<\/p>\n\n\n\n<p>Det \u00e4r allts\u00e5 chefen, med hj\u00e4lp och st\u00f6d av skyddsombud,&nbsp;som ansvarar f\u00f6r arbetet kring arbetsmilj\u00f6problemen p\u00e5 en arbetsplats.&nbsp;<a href=\"https:\/\/www.ecoonline.com\/sv\/blogg\/allt-du-behover-veta-om-arbetsmiljofragor\">L\u00e4s mer om detta h\u00e4r<\/a><\/p>\n\n\n\n<h3 class=\"wp-block-heading\">Skyddsombudets roll<\/h3>\n\n\n\n<p>Ett&nbsp;<a href=\"https:\/\/www.ecoonline.com\/sv\/blogg\/skyddsombud\">skyddsombud<\/a>&nbsp;representerar medarbetarna p\u00e5 arbetsplatsen. Det \u00e4r en person som hj\u00e4lper dig i fr\u00e5gor som arbetsmilj\u00f6problem, n\u00e5gon att bolla dem med och som&nbsp;hj\u00e4lper dig att ta n\u00e4sta steg om ett s\u00e5dant beh\u00f6vs. N\u00e4r du anm\u00e4lt ett arbetsmilj\u00f6problem, \u00e4r det upp till skyddsombudet tillsammans med chefen, att g\u00f6ra en riskbed\u00f6mning och att f\u00f6lja upp&nbsp;problemet.<\/p>\n\n\n\n<h3 class=\"wp-block-heading\">Hur blir man skyddsombud?<\/h3>\n\n\n\n<p>\u00c4r ditt f\u00f6retag medlem i en fackorganisation och har kollektivavtal s\u00e5 kommer skyddsombudet att v\u00e4ljas p\u00e5 ett \u00e5rsm\u00f6te, alternativt medlemsm\u00f6te. Finns inget kollektivavtal, \u00e4r det upp till de&nbsp;anst\u00e4llda att utse n\u00e5gon som ska representera dem.<\/p>\n\n\n\n<p>\u00c4r du intresserad av att bli&nbsp;<a href=\"https:\/\/www.ecoonline.com\/sv\/blogg\/skyddsombud\">skyddsombud<\/a>&nbsp;p\u00e5 din arbetsplats ska du g\u00e5 en s\u00e4rskild utbildning. I utbildningen f\u00e5r du alla verktyg du beh\u00f6ver f\u00f6r att klara av ditt&nbsp;uppdrag, som vanligen varar i tre \u00e5r. Utbildningen f\u00e5s genom den fackliga organisationen, eller genom en privatkurs bekostad av f\u00f6retaget om inget kollektivavtal finns.<\/p>\n\n\n\n<figure class=\"wp-block-image\"><a href=\"https:\/\/www.info.ecoonline.com\/sv\/nedladdningsbara\/tipsomhms-samhjul\"><img decoding=\"async\" src=\"https:\/\/www.ecoonline.com\/wp-content\/uploads\/2023\/04\/49871331-13fd-4fac-b6e5-fce4e5d8f7e6-2.webp\" alt=\"49871331-13fd-4fac-b6e5-fce4e5d8f7e6.png\"\/><\/a><\/figure>\n\n\n\n<p><\/p>\n\n\n\n<h2 class=\"wp-block-heading has-large-font-size\">Anm\u00e4la arbetsmilj\u00f6problem \u2013 f\u00e5r jag repressalier?<\/h2>\n\n\n\n<p>Som anst\u00e4lld ska du aldrig beh\u00f6va vara r\u00e4dd f\u00f6r att anm\u00e4la ett arbetsmilj\u00f6problem, oavsett vad det g\u00e4ller. Din chef och ditt skyddsombud ska f\u00f6rst och fr\u00e4mst vara din trygga plats dit du kan g\u00e5 med&nbsp;fr\u00e5gor om hur man g\u00e5r vidare. Arbetsplatsen f\u00e5r inte ge n\u00e5gra repressalier p\u00e5 grund av att man anm\u00e4ler ett arbetsmilj\u00f6problem, men tyv\u00e4rr hindrar det inte den anst\u00e4llda fr\u00e5n att ibland dra sig f\u00f6r&nbsp;att ber\u00e4tta om problem. Kanske \u00e4r man \u00e4nd\u00e5 r\u00e4dd att bli behandlad annorlunda eller f\u00f6rv\u00e4rra situationen.<\/p>\n\n\n\n<p>I s\u00e5dana situationer kan man v\u00e4nda sig till Arbetsmilj\u00f6verket. Anser du att Arbetsmilj\u00f6verket ska unders\u00f6ka din arbetsplats och din arbetsmilj\u00f6,&nbsp;<a href=\"https:\/\/www.av.se\/om-oss\/kontakta-oss\/tipsa-om-risker-i-arbetsmiljon\/\">kan du g\u00f6ra en anm\u00e4lan direkt p\u00e5 Arbetsmilj\u00f6verkets hemsida.<\/a>&nbsp;D\u00e4r kan du ocks\u00e5 v\u00e4lja att vara anonym genom att g\u00f6ra en s\u00e5&nbsp;kallad \u201darbetstagares anm\u00e4lan\u201d. Den anm\u00e4lan diarief\u00f6rs inte n\u00e4mligen.<\/p>\n\n\n\n<h3 class=\"wp-block-heading\">\u00c4r kollegan ett arbetsmilj\u00f6problem?<\/h3>\n\n\n\n<p>Vad g\u00f6r du om arbetsmilj\u00f6problemet \u00e4r din kollega? Man spenderar minst 8 timmar om dagen med en person som man kanske inte alls kommer \u00f6verens med och \u00e5tg\u00e4rder m\u00e5ste vidtas. Oavsett vad det handlar&nbsp;om \u2013 kanske \u00e4r det mobbning eller s\u00e4rbehandling av n\u00e5got slag det handlar om, kanske missk\u00f6ter din kollega sitt jobb s\u00e5 att du f\u00e5r dubbel arbetsbelastning, eller s\u00e5 vet du med dig att din kollega&nbsp;pratar illa om andra kollegor. Detta \u00e4r endast n\u00e5gra exempel.<\/p>\n\n\n\n<p>Det kan vara bra att veta att Arbetsmilj\u00f6verket inte hj\u00e4lper till n\u00e4r det handlar om individuella fall p\u00e5 en arbetsplats, men det ska d\u00e4remot din chef g\u00f6ra, tillsammans med skyddsombud. Genom att&nbsp;uppm\u00e4rksamma att din kollega g\u00f6r fel, kan det f\u00f6rhoppningsvis l\u00f6sas utan extern inblandning, som ett fackf\u00f6rbund eller arbetsmilj\u00f6konsult. Arbetsmilj\u00f6verket kr\u00e4ver dock att det ska finnas rutiner&nbsp;och f\u00f6reskrifter f\u00f6r hur man hanterar s\u00e4rbehandling och kr\u00e4nkande beteende p\u00e5 arbetsplatsen, finns inte detta, kan det vara sk\u00e4l till en anm\u00e4lan.<\/p>\n\n\n\n<h3 class=\"wp-block-heading\">\u00c4r chefen ett arbetsmilj\u00f6problem?<\/h3>\n\n\n\n<p>Vad g\u00f6r du om chefen \u00e4r ett arbetsmilj\u00f6problem? Detta \u00e4r inte alldeles ovanligt, och kan st\u00e4lla till det f\u00f6r den anst\u00e4llde som vill anm\u00e4la, eftersom chefen ska fungera som arbetsplatsst\u00f6d. Det \u00e4r&nbsp;dock viktigt att skilja p\u00e5 n\u00e4r man vantrivs med chefen och n\u00e4r chefen faktiskt brister i sitt ledarskap, genom till exempel kr\u00e4nkande behandling.<\/p>\n\n\n\n<p>Men n\u00e4r d\u00e5 detta faktiskt brister, vem kan man g\u00e5 till d\u00e5?<\/p>\n\n\n\n<p>F\u00f6rslagsvis v\u00e4nder man sig till en h\u00f6gre chef, till sin fackliga organisation, eller till HR-ansvarig. Att f\u00f6rs\u00f6ka prata med sin chef kan ocks\u00e5 vara en id\u00e9, och skulle inte det hj\u00e4lpa, f\u00e5r man g\u00f6ra&nbsp;en anm\u00e4lan till Arbetsmilj\u00f6verket som en sista utv\u00e4g. Som vi redan har skrivit, g\u00f6r Arbetsmilj\u00f6verket inga utredningar baserade p\u00e5 enskilda personer, men skulle flera kollegor g\u00e5 samman och det&nbsp;handlar om brott mot arbetsmilj\u00f6lagen,&nbsp;<a href=\"https:\/\/www.ecoonline.com\/sv\/blogg\/osa\">kr\u00e4nkande behandling<\/a>&nbsp;eller sexuella trakasserier, kan en anm\u00e4lan g\u00f6ras.<\/p>\n\n\n\n<h2 class=\"wp-block-heading\">Utsatt f\u00f6r mobbning och kr\u00e4nkande behandling&nbsp;<\/h2>\n\n\n\n<p>Alla ska m\u00e5 bra p\u00e5 jobbet. Hamnar du i en situation d\u00e4r obehag, stress och h\u00f6g fr\u00e5nvaro \u00e4r en stor del av arbetet, m\u00e5ste n\u00e5gonting g\u00f6ras. Blir du utsatt f\u00f6r mobbning p\u00e5 din arbetsplats? Exempel p\u00e5&nbsp;mobbning kan vara viskningar bakom ryggen, att aldrig bli tillfr\u00e5gad om att vara med lunchen, att bli kritiserad f\u00f6r jobbet man g\u00f6r, och mycket annat. D\u00e5 ska du g\u00e5 till ditt skyddsombud och din&nbsp;chef, \u00e4ven om det k\u00e4nns sv\u00e5rt.<\/p>\n\n\n\n<p>Blir du utsatt f\u00f6r&nbsp;<a href=\"https:\/\/www.ecoonline.com\/sv\/blogg\/osa\">kr\u00e4nkande behandlingar<\/a>&nbsp;p\u00e5 din arbetsplats, som till exempel att bli exkluderad ur m\u00f6ten, bli s\u00e4rbehandlad eller att bli ignorerad \u00e4r n\u00e5gonting du inte&nbsp;ska beh\u00f6va st\u00e5 ut med. Anm\u00e4l detta till din chef och ditt skyddsombud, s\u00e5 ska de hj\u00e4lpa dig genom att g\u00f6ra en riskbed\u00f6mning \u2013 eller om handlingarna \u00e4r av allvarligare slag: anm\u00e4las till&nbsp;Arbetsmilj\u00f6verket.<\/p>\n\n\n\n<h2 class=\"wp-block-heading\">Tas arbetsmilj\u00f6n p\u00e5 allvar?<\/h2>\n\n\n\n<p>Sammanfattningsvis kan man tala om att alla arbetsmilj\u00f6problem ska tas p\u00e5 allvar,&nbsp; att&nbsp;<a href=\"https:\/\/www.ecoonline.com\/sv\/blogg\/hur-du-tar-fram-en-bra-arbetsmiljopolicy\">arbetsmilj\u00f6policy<\/a>&nbsp;finns p\u00e5 plats, att&nbsp;det ska finnas protokoll och rutiner f\u00f6r n\u00e4r arbetsplatsen brister i arbetsmilj\u00f6. F\u00f6rhoppningsvis finns det \u00e4ven en l\u00f6sning f\u00f6r alla parter inblandade, s\u00e5 att verksamheten kan utvecklas positivt&nbsp;och bli en plats d\u00e4r alla vill vara.<\/p>\n\n\n\n<p>Anm\u00e4l allvarliga fel och brister i verksamheten, och h\u00f6j din r\u00f6st om du blir felbehandlad.&nbsp;<\/p>\n\n\n\n<p><a href=\"https:\/\/www.ecoonline.com\/sv\/blogg\/fem-satt-att-minska-sjukfranvaron\">L\u00e4s g\u00e4rna artikeln 5 s\u00e4tt att minska sjukfr\u00e5nvaron<\/a><\/p>\n\n\n\n<h2 class=\"wp-block-heading\">Vanliga fr\u00e5gor och svar<\/h2>\n\n\n\n<p><em><\/em><em>Vem v\u00e4nder jag mig till vid arbetsmilj\u00f6problem?<\/em>&nbsp;Det \u00e4r alltid din chef som har yttersta ansvar, men du ska ocks\u00e5 v\u00e4nda dig till ditt skyddsombud eller huvudskyddsombud, om ni inte har ett eget skyddsombud p\u00e5 din arbetsplats.<\/p>\n\n\n\n<p><em>Vad \u00e4r ett arbetsmilj\u00f6problem?<\/em><\/p>\n\n\n\n<p>Det \u00e4r ett arbetsrelaterat milj\u00f6problem som har med din h\u00e4lsa att g\u00f6ra. B\u00e5de fysiskt och psykiskt.&nbsp;&nbsp;Risker som buller, d\u00e5lig ergonomi eller mobbing och kr\u00e4nkningar. Man s\u00e4ger ocks\u00e5 att de fysiska, sociala och organisatoriska f\u00f6ruts\u00e4ttningarna ska h\u00e4nga ihop.<\/p>\n\n\n\n<p><em>Hur anm\u00e4ler jag ett arbetsmilj\u00f6problem?&nbsp;<\/em><\/p>\n\n\n\n<p>I f\u00f6rsta hand ska du v\u00e4nda till din chef och skyddsombud, ibland kan det vara s\u00e5 pass allvarligt att du beh\u00f6ver v\u00e4nda dig direkt till Arbetsmilj\u00f6verket och g\u00f6ra en anm\u00e4lan,&nbsp;<a href=\"https:\/\/www.ecoonline.com\/sv\/blogg\/arbetsmiljoproblem\/#Anmalan\">l\u00e4s&nbsp;det mer h\u00e4r<\/a><\/p>\n\n\n\n<figure class=\"wp-block-image\"><a href=\"https:\/\/www.info.ecoonline.com\/sv\/demo-mote\"><img decoding=\"async\" src=\"https:\/\/www.ecoonline.com\/wp-content\/uploads\/2023\/04\/fd119e18-698c-4153-9a08-f7428ef4e8c8-2.webp\" alt=\"fd119e18-698c-4153-9a08-f7428ef4e8c8.png\"\/><\/a><\/figure>\n\n<\/div>\n\t\t\n\t        <\/section>\n","protected":false},"excerpt":{"rendered":"<p>Hur hanterar och l\u00f6ser du arbetsmilj\u00f6problem? F\u00f6r vi kan konstatera att arbetsmilj\u00f6n \u00e4r viktig. Den \u00e4r viktig f\u00f6r b\u00e5de verksamheten och f\u00f6r den individuelle medarbetaren.<br \/>\nS\u00e5 h\u00e4r skriver WHO om just arbetsmilj\u00f6: &#8221;Arbetsmilj\u00f6 en sammanfattande ben\u00e4mning p\u00e5 biologiska, medicinska, fysiologiska, psykologiska, sociala och tekniska faktorer som i arbetssituationen eller i arbetsplatsens omgivning p\u00e5verkar individen.&#8221; Uppfyller inte din arbetsplats dessa faktorer, s\u00e5 kan det finnas ett arbetsmilj\u00f6problem.<br \/>\nI denna text kikar vi n\u00e4rmre p\u00e5 arbetsmilj\u00f6problem och hur du kan m\u00f6ta dem. Du f\u00e5r ocks\u00e5&nbsp; exempel p\u00e5 vad som \u00e4r arbetsmilj\u00f6problem, vem som ansvarar f\u00f6r arbetsmilj\u00f6problem, kort om skyddsombudets roll och svar p\u00e5 vem som kan hj\u00e4lpa dig i situationer som r\u00f6r dig och din arbetsplats.<\/p>\n","protected":false},"author":2,"featured_media":60912,"comment_status":"closed","ping_status":"closed","sticky":false,"template":"","format":"standard","meta":{"_acf_changed":false,"content-type":"","footnotes":"","_links_to":"","_links_to_target":""},"category":[663],"tags":[],"item-type":[179],"class_list":["post-60911","post","type-post","status-publish","format-standard","has-post-thumbnail","hentry","category-arbetsmiljo","item-type-artiklar"],"acf":[],"yoast_head":"<!-- This site is optimized with the Yoast SEO plugin v27.3 - https:\/\/yoast.com\/product\/yoast-seo-wordpress\/ -->\n<title>Arbetsmilj\u00f6problem | EcoOnline<\/title>\n<meta name=\"robots\" content=\"index, follow, max-snippet:-1, max-image-preview:large, max-video-preview:-1\" \/>\n<link rel=\"canonical\" href=\"https:\/\/www.ecoonline.com\/sv\/blogg\/arbetsmiljoproblem\/\" \/>\n<meta property=\"og:locale\" content=\"sv_SE\" \/>\n<meta property=\"og:type\" content=\"article\" \/>\n<meta property=\"og:title\" content=\"Arbetsmilj\u00f6problem | EcoOnline\" \/>\n<meta property=\"og:description\" content=\"Hur hanterar och l\u00f6ser du arbetsmilj\u00f6problem? F\u00f6r vi kan konstatera att arbetsmilj\u00f6n \u00e4r viktig. Den \u00e4r viktig f\u00f6r b\u00e5de verksamheten och f\u00f6r den individuelle medarbetaren. S\u00e5 h\u00e4r skriver WHO om just arbetsmilj\u00f6: &quot;Arbetsmilj\u00f6 en sammanfattande ben\u00e4mning p\u00e5 biologiska, medicinska, fysiologiska, psykologiska, sociala och tekniska faktorer som i arbetssituationen eller i arbetsplatsens omgivning p\u00e5verkar individen.&quot; Uppfyller inte din arbetsplats dessa faktorer, s\u00e5 kan det finnas ett arbetsmilj\u00f6problem. I denna text kikar vi n\u00e4rmre p\u00e5 arbetsmilj\u00f6problem och hur du kan m\u00f6ta dem. Du f\u00e5r ocks\u00e5&nbsp; exempel p\u00e5 vad som \u00e4r arbetsmilj\u00f6problem, vem som ansvarar f\u00f6r arbetsmilj\u00f6problem, kort om skyddsombudets roll och svar p\u00e5 vem som kan hj\u00e4lpa dig i situationer som r\u00f6r dig och din arbetsplats.\" \/>\n<meta property=\"og:url\" content=\"https:\/\/www.ecoonline.com\/sv\/blogg\/arbetsmiljoproblem\/\" \/>\n<meta property=\"og:site_name\" content=\"EcoOnline\" \/>\n<meta property=\"article:published_time\" content=\"2023-04-18T07:00:00+00:00\" \/>\n<meta property=\"article:modified_time\" content=\"2025-09-24T10:01:04+00:00\" \/>\n<meta property=\"og:image\" content=\"https:\/\/www.ecoonline.com\/wp-content\/uploads\/2024\/12\/Teacher20with20young20people20in20computing20class-1.webp\" \/>\n\t<meta property=\"og:image:width\" content=\"1000\" \/>\n\t<meta property=\"og:image:height\" content=\"667\" \/>\n\t<meta property=\"og:image:type\" content=\"image\/webp\" \/>\n<meta name=\"author\" content=\"Helen Down\" \/>\n<meta name=\"twitter:card\" content=\"summary_large_image\" \/>\n<meta name=\"twitter:label1\" content=\"Skriven av\" \/>\n\t<meta name=\"twitter:data1\" content=\"Helen Down\" \/>\n\t<meta name=\"twitter:label2\" content=\"Ber\u00e4knad l\u00e4stid\" \/>\n\t<meta name=\"twitter:data2\" content=\"9 minuter\" \/>\n<script type=\"application\/ld+json\" class=\"yoast-schema-graph\">{\"@context\":\"https:\\\/\\\/schema.org\",\"@graph\":[{\"@type\":\"Article\",\"@id\":\"https:\\\/\\\/www.ecoonline.com\\\/sv\\\/blogg\\\/arbetsmiljoproblem\\\/#article\",\"isPartOf\":{\"@id\":\"https:\\\/\\\/www.ecoonline.com\\\/sv\\\/blogg\\\/arbetsmiljoproblem\\\/\"},\"author\":{\"name\":\"Helen Down\",\"@id\":\"https:\\\/\\\/www.ecoonline.com\\\/sv\\\/#\\\/schema\\\/person\\\/c545ead400ca6bfa78acad19123e7250\"},\"headline\":\"Arbetsmilj\u00f6problem\",\"datePublished\":\"2023-04-18T07:00:00+00:00\",\"dateModified\":\"2025-09-24T10:01:04+00:00\",\"mainEntityOfPage\":{\"@id\":\"https:\\\/\\\/www.ecoonline.com\\\/sv\\\/blogg\\\/arbetsmiljoproblem\\\/\"},\"wordCount\":2246,\"publisher\":{\"@id\":\"https:\\\/\\\/www.ecoonline.com\\\/sv\\\/#organization\"},\"image\":{\"@id\":\"https:\\\/\\\/www.ecoonline.com\\\/sv\\\/blogg\\\/arbetsmiljoproblem\\\/#primaryimage\"},\"thumbnailUrl\":\"https:\\\/\\\/www.ecoonline.com\\\/wp-content\\\/uploads\\\/2024\\\/12\\\/Teacher20with20young20people20in20computing20class-1.webp\",\"articleSection\":[\"Arbetsmilj\u00f6\"],\"inLanguage\":\"sv-SE\"},{\"@type\":\"WebPage\",\"@id\":\"https:\\\/\\\/www.ecoonline.com\\\/sv\\\/blogg\\\/arbetsmiljoproblem\\\/\",\"url\":\"https:\\\/\\\/www.ecoonline.com\\\/sv\\\/blogg\\\/arbetsmiljoproblem\\\/\",\"name\":\"Arbetsmilj\u00f6problem | EcoOnline\",\"isPartOf\":{\"@id\":\"https:\\\/\\\/www.ecoonline.com\\\/sv\\\/#website\"},\"primaryImageOfPage\":{\"@id\":\"https:\\\/\\\/www.ecoonline.com\\\/sv\\\/blogg\\\/arbetsmiljoproblem\\\/#primaryimage\"},\"image\":{\"@id\":\"https:\\\/\\\/www.ecoonline.com\\\/sv\\\/blogg\\\/arbetsmiljoproblem\\\/#primaryimage\"},\"thumbnailUrl\":\"https:\\\/\\\/www.ecoonline.com\\\/wp-content\\\/uploads\\\/2024\\\/12\\\/Teacher20with20young20people20in20computing20class-1.webp\",\"datePublished\":\"2023-04-18T07:00:00+00:00\",\"dateModified\":\"2025-09-24T10:01:04+00:00\",\"inLanguage\":\"sv-SE\",\"potentialAction\":[{\"@type\":\"ReadAction\",\"target\":[\"https:\\\/\\\/www.ecoonline.com\\\/sv\\\/blogg\\\/arbetsmiljoproblem\\\/\"]}]},{\"@type\":\"ImageObject\",\"inLanguage\":\"sv-SE\",\"@id\":\"https:\\\/\\\/www.ecoonline.com\\\/sv\\\/blogg\\\/arbetsmiljoproblem\\\/#primaryimage\",\"url\":\"https:\\\/\\\/www.ecoonline.com\\\/wp-content\\\/uploads\\\/2024\\\/12\\\/Teacher20with20young20people20in20computing20class-1.webp\",\"contentUrl\":\"https:\\\/\\\/www.ecoonline.com\\\/wp-content\\\/uploads\\\/2024\\\/12\\\/Teacher20with20young20people20in20computing20class-1.webp\",\"width\":1000,\"height\":667},{\"@type\":\"WebSite\",\"@id\":\"https:\\\/\\\/www.ecoonline.com\\\/sv\\\/#website\",\"url\":\"https:\\\/\\\/www.ecoonline.com\\\/sv\\\/\",\"name\":\"EcoOnline\",\"description\":\"\",\"publisher\":{\"@id\":\"https:\\\/\\\/www.ecoonline.com\\\/sv\\\/#organization\"},\"potentialAction\":[{\"@type\":\"SearchAction\",\"target\":{\"@type\":\"EntryPoint\",\"urlTemplate\":\"https:\\\/\\\/www.ecoonline.com\\\/sv\\\/?s={search_term_string}\"},\"query-input\":{\"@type\":\"PropertyValueSpecification\",\"valueRequired\":true,\"valueName\":\"search_term_string\"}}],\"inLanguage\":\"sv-SE\"},{\"@type\":\"Organization\",\"@id\":\"https:\\\/\\\/www.ecoonline.com\\\/sv\\\/#organization\",\"name\":\"EcoOnline\",\"url\":\"https:\\\/\\\/www.ecoonline.com\\\/sv\\\/\",\"logo\":{\"@type\":\"ImageObject\",\"inLanguage\":\"sv-SE\",\"@id\":\"https:\\\/\\\/www.ecoonline.com\\\/sv\\\/#\\\/schema\\\/logo\\\/image\\\/\",\"url\":\"https:\\\/\\\/www.ecoonline.com\\\/wp-content\\\/uploads\\\/2024\\\/12\\\/ecoonline-logo.webp\",\"contentUrl\":\"https:\\\/\\\/www.ecoonline.com\\\/wp-content\\\/uploads\\\/2024\\\/12\\\/ecoonline-logo.webp\",\"width\":888,\"height\":613,\"caption\":\"EcoOnline\"},\"image\":{\"@id\":\"https:\\\/\\\/www.ecoonline.com\\\/sv\\\/#\\\/schema\\\/logo\\\/image\\\/\"}},{\"@type\":\"Person\",\"@id\":\"https:\\\/\\\/www.ecoonline.com\\\/sv\\\/#\\\/schema\\\/person\\\/c545ead400ca6bfa78acad19123e7250\",\"name\":\"Helen Down\",\"image\":{\"@type\":\"ImageObject\",\"inLanguage\":\"sv-SE\",\"@id\":\"https:\\\/\\\/secure.gravatar.com\\\/avatar\\\/d9c8170c547e21431f459914b8b62b7a010840cc1902d8823112cc29467d7dda?s=96&d=mm&r=g\",\"url\":\"https:\\\/\\\/secure.gravatar.com\\\/avatar\\\/d9c8170c547e21431f459914b8b62b7a010840cc1902d8823112cc29467d7dda?s=96&d=mm&r=g\",\"contentUrl\":\"https:\\\/\\\/secure.gravatar.com\\\/avatar\\\/d9c8170c547e21431f459914b8b62b7a010840cc1902d8823112cc29467d7dda?s=96&d=mm&r=g\",\"caption\":\"Helen Down\"}}]}<\/script>\n<!-- \/ Yoast SEO plugin. -->","yoast_head_json":{"title":"Arbetsmilj\u00f6problem | EcoOnline","robots":{"index":"index","follow":"follow","max-snippet":"max-snippet:-1","max-image-preview":"max-image-preview:large","max-video-preview":"max-video-preview:-1"},"canonical":"https:\/\/www.ecoonline.com\/sv\/blogg\/arbetsmiljoproblem\/","og_locale":"sv_SE","og_type":"article","og_title":"Arbetsmilj\u00f6problem | EcoOnline","og_description":"Hur hanterar och l\u00f6ser du arbetsmilj\u00f6problem? F\u00f6r vi kan konstatera att arbetsmilj\u00f6n \u00e4r viktig. Den \u00e4r viktig f\u00f6r b\u00e5de verksamheten och f\u00f6r den individuelle medarbetaren. S\u00e5 h\u00e4r skriver WHO om just arbetsmilj\u00f6: \"Arbetsmilj\u00f6 en sammanfattande ben\u00e4mning p\u00e5 biologiska, medicinska, fysiologiska, psykologiska, sociala och tekniska faktorer som i arbetssituationen eller i arbetsplatsens omgivning p\u00e5verkar individen.\" Uppfyller inte din arbetsplats dessa faktorer, s\u00e5 kan det finnas ett arbetsmilj\u00f6problem. I denna text kikar vi n\u00e4rmre p\u00e5 arbetsmilj\u00f6problem och hur du kan m\u00f6ta dem. Du f\u00e5r ocks\u00e5&nbsp; exempel p\u00e5 vad som \u00e4r arbetsmilj\u00f6problem, vem som ansvarar f\u00f6r arbetsmilj\u00f6problem, kort om skyddsombudets roll och svar p\u00e5 vem som kan hj\u00e4lpa dig i situationer som r\u00f6r dig och din arbetsplats.","og_url":"https:\/\/www.ecoonline.com\/sv\/blogg\/arbetsmiljoproblem\/","og_site_name":"EcoOnline","article_published_time":"2023-04-18T07:00:00+00:00","article_modified_time":"2025-09-24T10:01:04+00:00","og_image":[{"width":1000,"height":667,"url":"https:\/\/www.ecoonline.com\/wp-content\/uploads\/2024\/12\/Teacher20with20young20people20in20computing20class-1.webp","type":"image\/webp"}],"author":"Helen Down","twitter_card":"summary_large_image","twitter_misc":{"Skriven av":"Helen Down","Ber\u00e4knad l\u00e4stid":"9 minuter"},"schema":{"@context":"https:\/\/schema.org","@graph":[{"@type":"Article","@id":"https:\/\/www.ecoonline.com\/sv\/blogg\/arbetsmiljoproblem\/#article","isPartOf":{"@id":"https:\/\/www.ecoonline.com\/sv\/blogg\/arbetsmiljoproblem\/"},"author":{"name":"Helen Down","@id":"https:\/\/www.ecoonline.com\/sv\/#\/schema\/person\/c545ead400ca6bfa78acad19123e7250"},"headline":"Arbetsmilj\u00f6problem","datePublished":"2023-04-18T07:00:00+00:00","dateModified":"2025-09-24T10:01:04+00:00","mainEntityOfPage":{"@id":"https:\/\/www.ecoonline.com\/sv\/blogg\/arbetsmiljoproblem\/"},"wordCount":2246,"publisher":{"@id":"https:\/\/www.ecoonline.com\/sv\/#organization"},"image":{"@id":"https:\/\/www.ecoonline.com\/sv\/blogg\/arbetsmiljoproblem\/#primaryimage"},"thumbnailUrl":"https:\/\/www.ecoonline.com\/wp-content\/uploads\/2024\/12\/Teacher20with20young20people20in20computing20class-1.webp","articleSection":["Arbetsmilj\u00f6"],"inLanguage":"sv-SE"},{"@type":"WebPage","@id":"https:\/\/www.ecoonline.com\/sv\/blogg\/arbetsmiljoproblem\/","url":"https:\/\/www.ecoonline.com\/sv\/blogg\/arbetsmiljoproblem\/","name":"Arbetsmilj\u00f6problem | EcoOnline","isPartOf":{"@id":"https:\/\/www.ecoonline.com\/sv\/#website"},"primaryImageOfPage":{"@id":"https:\/\/www.ecoonline.com\/sv\/blogg\/arbetsmiljoproblem\/#primaryimage"},"image":{"@id":"https:\/\/www.ecoonline.com\/sv\/blogg\/arbetsmiljoproblem\/#primaryimage"},"thumbnailUrl":"https:\/\/www.ecoonline.com\/wp-content\/uploads\/2024\/12\/Teacher20with20young20people20in20computing20class-1.webp","datePublished":"2023-04-18T07:00:00+00:00","dateModified":"2025-09-24T10:01:04+00:00","inLanguage":"sv-SE","potentialAction":[{"@type":"ReadAction","target":["https:\/\/www.ecoonline.com\/sv\/blogg\/arbetsmiljoproblem\/"]}]},{"@type":"ImageObject","inLanguage":"sv-SE","@id":"https:\/\/www.ecoonline.com\/sv\/blogg\/arbetsmiljoproblem\/#primaryimage","url":"https:\/\/www.ecoonline.com\/wp-content\/uploads\/2024\/12\/Teacher20with20young20people20in20computing20class-1.webp","contentUrl":"https:\/\/www.ecoonline.com\/wp-content\/uploads\/2024\/12\/Teacher20with20young20people20in20computing20class-1.webp","width":1000,"height":667},{"@type":"WebSite","@id":"https:\/\/www.ecoonline.com\/sv\/#website","url":"https:\/\/www.ecoonline.com\/sv\/","name":"EcoOnline","description":"","publisher":{"@id":"https:\/\/www.ecoonline.com\/sv\/#organization"},"potentialAction":[{"@type":"SearchAction","target":{"@type":"EntryPoint","urlTemplate":"https:\/\/www.ecoonline.com\/sv\/?s={search_term_string}"},"query-input":{"@type":"PropertyValueSpecification","valueRequired":true,"valueName":"search_term_string"}}],"inLanguage":"sv-SE"},{"@type":"Organization","@id":"https:\/\/www.ecoonline.com\/sv\/#organization","name":"EcoOnline","url":"https:\/\/www.ecoonline.com\/sv\/","logo":{"@type":"ImageObject","inLanguage":"sv-SE","@id":"https:\/\/www.ecoonline.com\/sv\/#\/schema\/logo\/image\/","url":"https:\/\/www.ecoonline.com\/wp-content\/uploads\/2024\/12\/ecoonline-logo.webp","contentUrl":"https:\/\/www.ecoonline.com\/wp-content\/uploads\/2024\/12\/ecoonline-logo.webp","width":888,"height":613,"caption":"EcoOnline"},"image":{"@id":"https:\/\/www.ecoonline.com\/sv\/#\/schema\/logo\/image\/"}},{"@type":"Person","@id":"https:\/\/www.ecoonline.com\/sv\/#\/schema\/person\/c545ead400ca6bfa78acad19123e7250","name":"Helen Down","image":{"@type":"ImageObject","inLanguage":"sv-SE","@id":"https:\/\/secure.gravatar.com\/avatar\/d9c8170c547e21431f459914b8b62b7a010840cc1902d8823112cc29467d7dda?s=96&d=mm&r=g","url":"https:\/\/secure.gravatar.com\/avatar\/d9c8170c547e21431f459914b8b62b7a010840cc1902d8823112cc29467d7dda?s=96&d=mm&r=g","contentUrl":"https:\/\/secure.gravatar.com\/avatar\/d9c8170c547e21431f459914b8b62b7a010840cc1902d8823112cc29467d7dda?s=96&d=mm&r=g","caption":"Helen Down"}}]}},"_links":{"self":[{"href":"https:\/\/www.ecoonline.com\/sv\/wp-json\/wp\/v2\/posts\/60911","targetHints":{"allow":["GET"]}}],"collection":[{"href":"https:\/\/www.ecoonline.com\/sv\/wp-json\/wp\/v2\/posts"}],"about":[{"href":"https:\/\/www.ecoonline.com\/sv\/wp-json\/wp\/v2\/types\/post"}],"author":[{"embeddable":true,"href":"https:\/\/www.ecoonline.com\/sv\/wp-json\/wp\/v2\/users\/2"}],"replies":[{"embeddable":true,"href":"https:\/\/www.ecoonline.com\/sv\/wp-json\/wp\/v2\/comments?post=60911"}],"version-history":[{"count":0,"href":"https:\/\/www.ecoonline.com\/sv\/wp-json\/wp\/v2\/posts\/60911\/revisions"}],"wp:featuredmedia":[{"embeddable":true,"href":"https:\/\/www.ecoonline.com\/sv\/wp-json\/wp\/v2\/media\/60912"}],"wp:attachment":[{"href":"https:\/\/www.ecoonline.com\/sv\/wp-json\/wp\/v2\/media?parent=60911"}],"wp:term":[{"taxonomy":"category","embeddable":true,"href":"https:\/\/www.ecoonline.com\/sv\/wp-json\/wp\/v2\/category?post=60911"},{"taxonomy":"post_tag","embeddable":true,"href":"https:\/\/www.ecoonline.com\/sv\/wp-json\/wp\/v2\/tags?post=60911"},{"taxonomy":"item-type","embeddable":true,"href":"https:\/\/www.ecoonline.com\/sv\/wp-json\/wp\/v2\/item-type?post=60911"}],"curies":[{"name":"wp","href":"https:\/\/api.w.org\/{rel}","templated":true}]}}