{"id":61925,"date":"2024-02-27T07:15:00","date_gmt":"2024-02-27T07:15:00","guid":{"rendered":"https:\/\/www.ecoonline.com\/ny-undersokning2024\/"},"modified":"2025-02-11T14:40:51","modified_gmt":"2025-02-11T14:40:51","slug":"ny-undersokning2024","status":"publish","type":"post","link":"https:\/\/www.ecoonline.com\/sv\/nyheter\/ny-undersokning2024\/","title":{"rendered":"Ny unders\u00f6kning: S\u00e5 s\u00e4kra \u00e4r Sveriges arbetsplatser"},"content":{"rendered":"\n<section class=\"Pegasus__Container w-full   relative h-fit  text-content-dark mobile-stacking-standard is-layout-flow wp-block-pegasus-container-is-layout-flow\" style=\"  padding-bottom:var(--wp--preset--spacing--30); \" >\n\t        \n\t\t\t\t\t\t\t\n\t\t\t\t\t\t\n\t\t\t\t\t\t\n\t\t        \t\t\n\t\t\n\t\n\t\t\t<div class=\"relative h-full is-flex-layout flex flex-col justify-start  w-full\">\n\n<p>Idag sl\u00e4pper EcoOnline, tillsammans med Origo Group, \u00e5rets upplaga av unders\u00f6kningen om hur svenska anst\u00e4llda upplever arbetsmilj\u00f6n och h\u00e5llbarhetsfokus p\u00e5 sina arbetsplatser. Resultatet visar&nbsp;bland annat att allt fler f\u00f6retag har uppsatta milj\u00f6m\u00e5l, men att det saknas visselbl\u00e5sarsystem och insatser f\u00f6r att f\u00f6rebygga stress.&nbsp;\u2013 Svenska medarbetare k\u00e4nner sig inte helt s\u00e4kra p\u00e5 sina arbetsplatser idag och h\u00e4r ser vi tydligt att det finns mycket kvar att g\u00f6ra, s\u00e4ger Sandra Sk\u00f6ld, marknadschef EcoOnline.&nbsp;<\/p>\n\n\n\n<p>I maj 2023 sl\u00e4ppte mjukvaruf\u00f6retaget EcoOnline sin f\u00f6rsta upplaga av unders\u00f6kningen om s\u00e4kerheten p\u00e5 svenska arbetsplatser. Nu kommer \u00e5rets version som \u00e5terigen syftar till att ta tempen p\u00e5 svenska&nbsp;arbetsplatser utifr\u00e5n ett arbetsmilj\u00f6- och h\u00e5llbarhetsperspektiv.<\/p>\n\n\n\n<p>\u00c4ven i \u00e5r upplever majoriteten av de svarande att deras arbetsplatser \u00e4r s\u00e4kra och att arbetsgivaren arbetar aktivt med arbetsmilj\u00f6fr\u00e5gor, en siffra som till och med har f\u00f6rb\u00e4ttrats sedan f\u00f6rra&nbsp;\u00e5ret. Samtidigt uppger 3 av 10 av de svarande att de har drabbats av en arbetsplatsolycka och\/eller arbetsrelaterad sjukdom, vilket \u00e4r en \u00f6kning sedan fjol\u00e5rets unders\u00f6kning. P\u00e5 en ny f\u00f6ljdfr\u00e5ga&nbsp;f\u00f6r i \u00e5r svarar 56 procent att stress \u00e4r den fr\u00e4msta bakomliggande orsaken.<\/p>\n\n\n\n<p>\u2013 Det \u00e4r uppenbart att&nbsp;<a href=\"https:\/\/www.ecoonline.com\/sv\/blogg\/stress\">stress<\/a>&nbsp;\u00e4r en stor bidragande faktor till f\u00f6rs\u00e4mrad arbetsmilj\u00f6 p\u00e5 m\u00e5nga arbetsplatser och orov\u00e4ckande att fler har drabbats av en&nbsp;arbetsplatsolycka eller arbetsrelaterad sjukdom j\u00e4mf\u00f6rt med f\u00f6rra \u00e5ret. Unders\u00f6kningen visar att det bland annat saknas utbildning p\u00e5 m\u00e5nga arbetsplatser, vilket i f\u00f6rl\u00e4ngningen kan leda till b\u00e5de&nbsp;stress och olyckor, s\u00e4ger Sandra Sk\u00f6ld innan hon forts\u00e4tter:&nbsp;\u2013 Dessutom anger h\u00e4lften av de svarande att det inte gjorts n\u00e5gra insatser f\u00f6r att f\u00f6rebygga stress p\u00e5 arbetsplatsen. Men den siffran l\u00e5g p\u00e5 omkring 40 procent f\u00f6rra \u00e5ret, s\u00e5 det \u00e4r gl\u00e4djande att&nbsp;det g\u00e5r \u00e5t r\u00e4tt h\u00e5ll.<\/p>\n\n<\/div>\n\t\t\n\t        <\/section>\n\n\n\n<section class=\"Pegasus__Container w-full   relative h-fit  text-content-dark mobile-stacking-standard is-layout-flow wp-block-pegasus-container-is-layout-flow\" style=\"  padding-bottom:var(--wp--preset--spacing--30); \" id=\"chapter-1\">\n\t        \n\t\t\t\t\t\t\t\n\t\t\t\t\t\t\n\t\t\t\t\t\t\n\t\t        \t\t\n\t\t\n\t\n\t\t\t<div class=\"relative h-full is-flex-layout flex flex-col justify-start  w-full\">\n\n<p class=\"has-text-color has-link-color has-small-font-size wp-elements-41370dce959aeac78da93e49d1326f54\" style=\"color:#000000bf\">CHAPTER 1<\/p>\n\n\n\n<h2 class=\"wp-block-heading has-large-font-size\"><strong>Saknas system f\u00f6r visselbl\u00e5sning<\/strong><\/h2>\n\n\n\n<p>Enligt nya regler, som tr\u00e4dde i kraft i december f\u00f6rra \u00e5ret, ska alla f\u00f6retag med \u00f6ver 50 anst\u00e4llda ha implementerat ett system f\u00f6r att rapportera in oegentligheter och missf\u00f6rh\u00e5llanden p\u00e5&nbsp;arbetsplatsen. I unders\u00f6kningen uppger 7 av 10 arbetstagare att det finns en arbetsmilj\u00f6policy p\u00e5 plats och att arbetsgivaren arbetar aktivt med arbetsmilj\u00f6fr\u00e5gor, men endast 4 av 10 svarar att det&nbsp;finns ett&nbsp;<a href=\"https:\/\/www.ecoonline.com\/sv\/mjukvara\/hms-verktyg\/whistleblower\">visselbl\u00e5sarsystem.<\/a>&nbsp;Dessutom uppger 12 procent att de \u00e4r os\u00e4kra p\u00e5 vad ett tillbud \u00e4r, eller att de inte vet hur s\u00e5dana ska&nbsp;rapporteras. Unders\u00f6kningen visar att mellanchefer helst rapporterar tillbud muntligen till sin n\u00e4rmaste chef, n\u00e5got som kan leda till att information faller mellan stolarna.<\/p>\n\n\n\n<p>\u2013 Om det inte finns ett tydligt system f\u00f6r hur tillbud eller missf\u00f6rh\u00e5llanden ska rapporteras in p\u00e5 en arbetsplats \u00f6kar risken att problem inte \u00e5tg\u00e4rdas. Hur s\u00e4kerst\u00e4ller man att ett problem som&nbsp;har rapporterats in muntligt f\u00f6ljs upp? Det finns en risk att det blir miss i kommunikationen och att det d\u00e5 blir sv\u00e5rare att f\u00f6rebygga exempelvis arbetsplatsolyckor, s\u00e4ger Sandra Sk\u00f6ld och l\u00e4gger&nbsp;till:&nbsp;\u2013 Siffrorna visar att det finns en \u00f6nskan om att ha systemst\u00f6d p\u00e5 plats, d\u00e4r tillbud kan rapporteras in digitalt. H\u00e4r skiljer det sig dock lite mellan \u00e5ldersgrupperna, yngre arbetstagare vill helst&nbsp;rapportera via mobilen medan \u00e4ldre vill rapportera muntligen eller via datorn, n\u00e5got som \u00e4r viktigt att ta med sig n\u00e4r man implementerar nya system och processer f\u00f6r detta.&nbsp;<\/p>\n\n<\/div>\n\t\t\n\t        <\/section>\n\n\n\n<section class=\"Pegasus__Container w-full   relative h-fit  text-content-dark mobile-stacking-standard is-layout-flow wp-block-pegasus-container-is-layout-flow\" style=\"  padding-bottom:var(--wp--preset--spacing--30); \" id=\"chapter-2\">\n\t        \n\t\t\t\t\t\t\t\n\t\t\t\t\t\t\n\t\t\t\t\t\t\n\t\t        \t\t\n\t\t\n\t\n\t\t\t<div class=\"relative h-full is-flex-layout flex flex-col justify-start  w-full\">\n\n<p class=\"has-text-color has-link-color has-small-font-size wp-elements-53ebcd41c07de3eb18d424fb33c24413\" style=\"color:#000000bf\">CHAPTER 2<\/p>\n\n\n\n<h2 class=\"wp-block-heading has-large-font-size\">\u00d6kat fokus p\u00e5 milj\u00f6 och h\u00e5llbarhet<\/h2>\n\n\n\n<p>Unders\u00f6kningen syftar ocks\u00e5 till att ta reda p\u00e5 hur svenska arbetsgivare arbetar med milj\u00f6 och h\u00e5llbarhet. Resultatet visar bland annat att fler f\u00f6retag har satt upp milj\u00f6- och h\u00e5llbarhetsm\u00e5l&nbsp;j\u00e4mf\u00f6rt med den f\u00f6rsta unders\u00f6kningen, men att det fortfarande \u00e4r m\u00e5nga f\u00f6retag som ligger efter och att det kr\u00e4vs tydligare h\u00e5llbarhetssatsningar. Vid \u00e5rsskiftet tr\u00e4dde EU:s nya reformer kring&nbsp;<a href=\"https:\/\/www.ecoonline.com\/sv\/blogg\/esgrapportering\">ESG-rapportering<\/a>&nbsp;i kraft, som inneb\u00e4r att alla stora f\u00f6retag i medlemsl\u00e4nderna m\u00e5ste offentligg\u00f6ra&nbsp;uppgifter om effekterna av sitt h\u00e5llbarhetsarbete. Trots den nya reformen visar EcoOnlines unders\u00f6kning att endast 2 av 10 av de anst\u00e4llda uppger att deras f\u00f6retag arbetar enligt ESG:s riktlinjer&nbsp;och att hela 56 procent av de svarande anger att de inte vet vad ESG \u00e4r. Detta st\u00e5r i kontrast till svaren fr\u00e5n h\u00f6gre chefer och mellanchefer som i st\u00f6rre utstr\u00e4ckning h\u00e4vdar att de arbetar efter&nbsp;riktlinjerna.<\/p>\n\n\n\n<p>\u2013 H\u00e4r \u00e4r det tydligt att uppfattningarna g\u00e5r is\u00e4r. Ska man lyckas skapa en f\u00f6r\u00e4ndring mot en h\u00e5llbar verksamhet m\u00e5ste man ha hela organisationen med sig och d\u00e4r \u00e4r inte f\u00f6retag idag. Det kan inte&nbsp;bara ske punktinsatser, varken n\u00e4r det g\u00e4ller h\u00e5llbarhets- eller arbetsmilj\u00f6arbete. Man m\u00e5ste skapa engagemang, arbeta f\u00f6rebyggande och f\u00f6renkla processer s\u00e5 att medarbetare l\u00e4ttare kan rapportera&nbsp;tillbud och avvikelser exempelvis, s\u00e4ger Sandra Sk\u00f6ld innan hon avslutar:<\/p>\n\n\n\n<p>\u2013 Unders\u00f6kningen visar att majoriteten av arbetstagare upplever att deras arbetsplats \u00e4r s\u00e4ker, men vi kan inte n\u00f6ja oss med det \u2013 alla m\u00e5ste kunna k\u00e4nna sig trygga och s\u00e4kra n\u00e4r de g\u00e5r till&nbsp;jobbet. Rapporten ger en bra bild av hur det ser ut p\u00e5 svenska arbetsplatser idag, s\u00e5 v\u00e5r f\u00f6rhoppning \u00e4r att underlaget ska bidra till att fler arbetsgivare tar ett helhetsgrepp kring sitt&nbsp;arbetsmilj\u00f6- och h\u00e5llbarhetsarbete.&nbsp;&nbsp;&nbsp;&nbsp;&nbsp;&nbsp;&nbsp;&nbsp;&nbsp;&nbsp;&nbsp;&nbsp;&nbsp;&nbsp;&nbsp;&nbsp;<\/p>\n\n\n\n<p><em>\u201cDet h\u00e4r \u00e4r andra upplagan av den oberoende unders\u00f6kningen fr\u00e5n insikts- och marknads- unders\u00f6kningsf\u00f6retaget Origo Group, p\u00e5 uppdrag av EcoOnline. Unders\u00f6kningen genomf\u00f6rdes som&nbsp;webbenk\u00e4t 4-15 januari 2024 och omfattade 1006 intervjuer bland m\u00e4n och kvinnor 18-65 \u00e5r i Sverige som arbetar.\u201d<\/em><\/p>\n\n\n\n<p><a href=\"https:\/\/www.ecoonline.com\/sv\/nedladdningsbara\/undersokning-2024\">Ladda ner hela unders\u00f6kningen h\u00e4r&nbsp; \u2013 ingen kostnad &gt;&gt;<\/a><\/p>\n\n\n\n<figure class=\"wp-block-image\"><a href=\"https:\/\/www.info.ecoonline.com\/sv\/nedladdningsbara\/undersokning-2024\"><img decoding=\"async\" src=\"https:\/\/www.ecoonline.com\/wp-content\/uploads\/2024\/02\/SE20News20Image20Survey202024-2.webp\" alt=\"SE%20News%20Image%20Survey%202024.png?width=500&amp;height=500&amp;name=SE%20News%20Image%20Survey%202024.png\"\/><\/a><\/figure>\n\n\n\n<p><a href=\"https:\/\/www.ecoonline.com\/sv\/nedladdningsbara\/undersokning-2024\"><em><\/em><\/a><\/p>\n\n\n\n<figure class=\"wp-block-image\"><a href=\"https:\/\/www.info.ecoonline.com\/sv\/nedladdningsbara\/undersokning-2024\"><img decoding=\"async\" src=\"https:\/\/www.ecoonline.com\/wp-content\/uploads\/2024\/02\/SE20_Image_Cover_Survey202024-2.webp\" alt=\"SE%20_Image_Cover_Survey%202024.png?width=500&amp;height=294&amp;name=SE%20_Image_Cover_Survey%202024.png\"\/><\/a><\/figure>\n\n<\/div>\n\t\t\n\t        <\/section>\n","protected":false},"excerpt":{"rendered":"<p>&nbsp;<\/p>\n","protected":false},"author":2,"featured_media":61926,"comment_status":"closed","ping_status":"closed","sticky":false,"template":"","format":"standard","meta":{"_acf_changed":false,"content-type":"","footnotes":"","_links_to":"","_links_to_target":""},"category":[178],"tags":[],"item-type":[222],"class_list":["post-61925","post","type-post","status-publish","format-standard","has-post-thumbnail","hentry","category-nyheter-resurser","item-type-nyheter-sv"],"acf":[],"yoast_head":"<!-- This site is optimized with the Yoast SEO plugin v27.3 - https:\/\/yoast.com\/product\/yoast-seo-wordpress\/ -->\n<title>Ny unders\u00f6kning: S\u00e5 s\u00e4kra \u00e4r Sveriges arbetsplatser | EcoOnline<\/title>\n<meta name=\"robots\" content=\"index, follow, max-snippet:-1, max-image-preview:large, max-video-preview:-1\" \/>\n<link rel=\"canonical\" href=\"https:\/\/www.ecoonline.com\/sv\/nyheter\/ny-undersokning2024\/\" \/>\n<meta property=\"og:locale\" content=\"sv_SE\" \/>\n<meta property=\"og:type\" content=\"article\" \/>\n<meta property=\"og:title\" content=\"Ny unders\u00f6kning: S\u00e5 s\u00e4kra \u00e4r Sveriges arbetsplatser | EcoOnline\" \/>\n<meta property=\"og:description\" content=\"&nbsp;\" \/>\n<meta property=\"og:url\" content=\"https:\/\/www.ecoonline.com\/sv\/nyheter\/ny-undersokning2024\/\" \/>\n<meta property=\"og:site_name\" content=\"EcoOnline\" \/>\n<meta property=\"article:published_time\" content=\"2024-02-27T07:15:00+00:00\" \/>\n<meta property=\"article:modified_time\" content=\"2025-02-11T14:40:51+00:00\" \/>\n<meta property=\"og:image\" content=\"https:\/\/www.ecoonline.com\/wp-content\/uploads\/2024\/12\/SE20News20Image20Survey202024-1.webp\" \/>\n\t<meta property=\"og:image:width\" content=\"1181\" \/>\n\t<meta property=\"og:image:height\" content=\"1181\" \/>\n\t<meta property=\"og:image:type\" content=\"image\/webp\" \/>\n<meta name=\"author\" content=\"Helen Down\" \/>\n<meta name=\"twitter:card\" content=\"summary_large_image\" \/>\n<meta name=\"twitter:label1\" content=\"Skriven av\" \/>\n\t<meta name=\"twitter:data1\" content=\"Helen Down\" \/>\n\t<meta name=\"twitter:label2\" content=\"Ber\u00e4knad l\u00e4stid\" \/>\n\t<meta name=\"twitter:data2\" content=\"5 minuter\" \/>\n<script type=\"application\/ld+json\" class=\"yoast-schema-graph\">{\"@context\":\"https:\\\/\\\/schema.org\",\"@graph\":[{\"@type\":\"Article\",\"@id\":\"https:\\\/\\\/www.ecoonline.com\\\/sv\\\/nyheter\\\/ny-undersokning2024\\\/#article\",\"isPartOf\":{\"@id\":\"https:\\\/\\\/www.ecoonline.com\\\/sv\\\/nyheter\\\/ny-undersokning2024\\\/\"},\"author\":{\"name\":\"Helen Down\",\"@id\":\"https:\\\/\\\/www.ecoonline.com\\\/sv\\\/#\\\/schema\\\/person\\\/c545ead400ca6bfa78acad19123e7250\"},\"headline\":\"Ny unders\u00f6kning: S\u00e5 s\u00e4kra \u00e4r Sveriges arbetsplatser\",\"datePublished\":\"2024-02-27T07:15:00+00:00\",\"dateModified\":\"2025-02-11T14:40:51+00:00\",\"mainEntityOfPage\":{\"@id\":\"https:\\\/\\\/www.ecoonline.com\\\/sv\\\/nyheter\\\/ny-undersokning2024\\\/\"},\"wordCount\":1058,\"publisher\":{\"@id\":\"https:\\\/\\\/www.ecoonline.com\\\/sv\\\/#organization\"},\"image\":{\"@id\":\"https:\\\/\\\/www.ecoonline.com\\\/sv\\\/nyheter\\\/ny-undersokning2024\\\/#primaryimage\"},\"thumbnailUrl\":\"https:\\\/\\\/www.ecoonline.com\\\/wp-content\\\/uploads\\\/2024\\\/12\\\/SE20News20Image20Survey202024-1.webp\",\"articleSection\":[\"Nyheter &amp; Resurser\"],\"inLanguage\":\"sv-SE\"},{\"@type\":\"WebPage\",\"@id\":\"https:\\\/\\\/www.ecoonline.com\\\/sv\\\/nyheter\\\/ny-undersokning2024\\\/\",\"url\":\"https:\\\/\\\/www.ecoonline.com\\\/sv\\\/nyheter\\\/ny-undersokning2024\\\/\",\"name\":\"Ny unders\u00f6kning: S\u00e5 s\u00e4kra \u00e4r Sveriges arbetsplatser | EcoOnline\",\"isPartOf\":{\"@id\":\"https:\\\/\\\/www.ecoonline.com\\\/sv\\\/#website\"},\"primaryImageOfPage\":{\"@id\":\"https:\\\/\\\/www.ecoonline.com\\\/sv\\\/nyheter\\\/ny-undersokning2024\\\/#primaryimage\"},\"image\":{\"@id\":\"https:\\\/\\\/www.ecoonline.com\\\/sv\\\/nyheter\\\/ny-undersokning2024\\\/#primaryimage\"},\"thumbnailUrl\":\"https:\\\/\\\/www.ecoonline.com\\\/wp-content\\\/uploads\\\/2024\\\/12\\\/SE20News20Image20Survey202024-1.webp\",\"datePublished\":\"2024-02-27T07:15:00+00:00\",\"dateModified\":\"2025-02-11T14:40:51+00:00\",\"inLanguage\":\"sv-SE\",\"potentialAction\":[{\"@type\":\"ReadAction\",\"target\":[\"https:\\\/\\\/www.ecoonline.com\\\/sv\\\/nyheter\\\/ny-undersokning2024\\\/\"]}]},{\"@type\":\"ImageObject\",\"inLanguage\":\"sv-SE\",\"@id\":\"https:\\\/\\\/www.ecoonline.com\\\/sv\\\/nyheter\\\/ny-undersokning2024\\\/#primaryimage\",\"url\":\"https:\\\/\\\/www.ecoonline.com\\\/wp-content\\\/uploads\\\/2024\\\/12\\\/SE20News20Image20Survey202024-1.webp\",\"contentUrl\":\"https:\\\/\\\/www.ecoonline.com\\\/wp-content\\\/uploads\\\/2024\\\/12\\\/SE20News20Image20Survey202024-1.webp\",\"width\":1181,\"height\":1181},{\"@type\":\"WebSite\",\"@id\":\"https:\\\/\\\/www.ecoonline.com\\\/sv\\\/#website\",\"url\":\"https:\\\/\\\/www.ecoonline.com\\\/sv\\\/\",\"name\":\"EcoOnline\",\"description\":\"\",\"publisher\":{\"@id\":\"https:\\\/\\\/www.ecoonline.com\\\/sv\\\/#organization\"},\"potentialAction\":[{\"@type\":\"SearchAction\",\"target\":{\"@type\":\"EntryPoint\",\"urlTemplate\":\"https:\\\/\\\/www.ecoonline.com\\\/sv\\\/?s={search_term_string}\"},\"query-input\":{\"@type\":\"PropertyValueSpecification\",\"valueRequired\":true,\"valueName\":\"search_term_string\"}}],\"inLanguage\":\"sv-SE\"},{\"@type\":\"Organization\",\"@id\":\"https:\\\/\\\/www.ecoonline.com\\\/sv\\\/#organization\",\"name\":\"EcoOnline\",\"url\":\"https:\\\/\\\/www.ecoonline.com\\\/sv\\\/\",\"logo\":{\"@type\":\"ImageObject\",\"inLanguage\":\"sv-SE\",\"@id\":\"https:\\\/\\\/www.ecoonline.com\\\/sv\\\/#\\\/schema\\\/logo\\\/image\\\/\",\"url\":\"https:\\\/\\\/www.ecoonline.com\\\/wp-content\\\/uploads\\\/2024\\\/12\\\/ecoonline-logo.webp\",\"contentUrl\":\"https:\\\/\\\/www.ecoonline.com\\\/wp-content\\\/uploads\\\/2024\\\/12\\\/ecoonline-logo.webp\",\"width\":888,\"height\":613,\"caption\":\"EcoOnline\"},\"image\":{\"@id\":\"https:\\\/\\\/www.ecoonline.com\\\/sv\\\/#\\\/schema\\\/logo\\\/image\\\/\"}},{\"@type\":\"Person\",\"@id\":\"https:\\\/\\\/www.ecoonline.com\\\/sv\\\/#\\\/schema\\\/person\\\/c545ead400ca6bfa78acad19123e7250\",\"name\":\"Helen Down\",\"image\":{\"@type\":\"ImageObject\",\"inLanguage\":\"sv-SE\",\"@id\":\"https:\\\/\\\/secure.gravatar.com\\\/avatar\\\/d9c8170c547e21431f459914b8b62b7a010840cc1902d8823112cc29467d7dda?s=96&d=mm&r=g\",\"url\":\"https:\\\/\\\/secure.gravatar.com\\\/avatar\\\/d9c8170c547e21431f459914b8b62b7a010840cc1902d8823112cc29467d7dda?s=96&d=mm&r=g\",\"contentUrl\":\"https:\\\/\\\/secure.gravatar.com\\\/avatar\\\/d9c8170c547e21431f459914b8b62b7a010840cc1902d8823112cc29467d7dda?s=96&d=mm&r=g\",\"caption\":\"Helen Down\"}}]}<\/script>\n<!-- \/ Yoast SEO plugin. -->","yoast_head_json":{"title":"Ny unders\u00f6kning: S\u00e5 s\u00e4kra \u00e4r Sveriges arbetsplatser | EcoOnline","robots":{"index":"index","follow":"follow","max-snippet":"max-snippet:-1","max-image-preview":"max-image-preview:large","max-video-preview":"max-video-preview:-1"},"canonical":"https:\/\/www.ecoonline.com\/sv\/nyheter\/ny-undersokning2024\/","og_locale":"sv_SE","og_type":"article","og_title":"Ny unders\u00f6kning: S\u00e5 s\u00e4kra \u00e4r Sveriges arbetsplatser | EcoOnline","og_description":"&nbsp;","og_url":"https:\/\/www.ecoonline.com\/sv\/nyheter\/ny-undersokning2024\/","og_site_name":"EcoOnline","article_published_time":"2024-02-27T07:15:00+00:00","article_modified_time":"2025-02-11T14:40:51+00:00","og_image":[{"width":1181,"height":1181,"url":"https:\/\/www.ecoonline.com\/wp-content\/uploads\/2024\/12\/SE20News20Image20Survey202024-1.webp","type":"image\/webp"}],"author":"Helen Down","twitter_card":"summary_large_image","twitter_misc":{"Skriven av":"Helen Down","Ber\u00e4knad l\u00e4stid":"5 minuter"},"schema":{"@context":"https:\/\/schema.org","@graph":[{"@type":"Article","@id":"https:\/\/www.ecoonline.com\/sv\/nyheter\/ny-undersokning2024\/#article","isPartOf":{"@id":"https:\/\/www.ecoonline.com\/sv\/nyheter\/ny-undersokning2024\/"},"author":{"name":"Helen Down","@id":"https:\/\/www.ecoonline.com\/sv\/#\/schema\/person\/c545ead400ca6bfa78acad19123e7250"},"headline":"Ny unders\u00f6kning: S\u00e5 s\u00e4kra \u00e4r Sveriges arbetsplatser","datePublished":"2024-02-27T07:15:00+00:00","dateModified":"2025-02-11T14:40:51+00:00","mainEntityOfPage":{"@id":"https:\/\/www.ecoonline.com\/sv\/nyheter\/ny-undersokning2024\/"},"wordCount":1058,"publisher":{"@id":"https:\/\/www.ecoonline.com\/sv\/#organization"},"image":{"@id":"https:\/\/www.ecoonline.com\/sv\/nyheter\/ny-undersokning2024\/#primaryimage"},"thumbnailUrl":"https:\/\/www.ecoonline.com\/wp-content\/uploads\/2024\/12\/SE20News20Image20Survey202024-1.webp","articleSection":["Nyheter &amp; Resurser"],"inLanguage":"sv-SE"},{"@type":"WebPage","@id":"https:\/\/www.ecoonline.com\/sv\/nyheter\/ny-undersokning2024\/","url":"https:\/\/www.ecoonline.com\/sv\/nyheter\/ny-undersokning2024\/","name":"Ny unders\u00f6kning: S\u00e5 s\u00e4kra \u00e4r Sveriges arbetsplatser | EcoOnline","isPartOf":{"@id":"https:\/\/www.ecoonline.com\/sv\/#website"},"primaryImageOfPage":{"@id":"https:\/\/www.ecoonline.com\/sv\/nyheter\/ny-undersokning2024\/#primaryimage"},"image":{"@id":"https:\/\/www.ecoonline.com\/sv\/nyheter\/ny-undersokning2024\/#primaryimage"},"thumbnailUrl":"https:\/\/www.ecoonline.com\/wp-content\/uploads\/2024\/12\/SE20News20Image20Survey202024-1.webp","datePublished":"2024-02-27T07:15:00+00:00","dateModified":"2025-02-11T14:40:51+00:00","inLanguage":"sv-SE","potentialAction":[{"@type":"ReadAction","target":["https:\/\/www.ecoonline.com\/sv\/nyheter\/ny-undersokning2024\/"]}]},{"@type":"ImageObject","inLanguage":"sv-SE","@id":"https:\/\/www.ecoonline.com\/sv\/nyheter\/ny-undersokning2024\/#primaryimage","url":"https:\/\/www.ecoonline.com\/wp-content\/uploads\/2024\/12\/SE20News20Image20Survey202024-1.webp","contentUrl":"https:\/\/www.ecoonline.com\/wp-content\/uploads\/2024\/12\/SE20News20Image20Survey202024-1.webp","width":1181,"height":1181},{"@type":"WebSite","@id":"https:\/\/www.ecoonline.com\/sv\/#website","url":"https:\/\/www.ecoonline.com\/sv\/","name":"EcoOnline","description":"","publisher":{"@id":"https:\/\/www.ecoonline.com\/sv\/#organization"},"potentialAction":[{"@type":"SearchAction","target":{"@type":"EntryPoint","urlTemplate":"https:\/\/www.ecoonline.com\/sv\/?s={search_term_string}"},"query-input":{"@type":"PropertyValueSpecification","valueRequired":true,"valueName":"search_term_string"}}],"inLanguage":"sv-SE"},{"@type":"Organization","@id":"https:\/\/www.ecoonline.com\/sv\/#organization","name":"EcoOnline","url":"https:\/\/www.ecoonline.com\/sv\/","logo":{"@type":"ImageObject","inLanguage":"sv-SE","@id":"https:\/\/www.ecoonline.com\/sv\/#\/schema\/logo\/image\/","url":"https:\/\/www.ecoonline.com\/wp-content\/uploads\/2024\/12\/ecoonline-logo.webp","contentUrl":"https:\/\/www.ecoonline.com\/wp-content\/uploads\/2024\/12\/ecoonline-logo.webp","width":888,"height":613,"caption":"EcoOnline"},"image":{"@id":"https:\/\/www.ecoonline.com\/sv\/#\/schema\/logo\/image\/"}},{"@type":"Person","@id":"https:\/\/www.ecoonline.com\/sv\/#\/schema\/person\/c545ead400ca6bfa78acad19123e7250","name":"Helen Down","image":{"@type":"ImageObject","inLanguage":"sv-SE","@id":"https:\/\/secure.gravatar.com\/avatar\/d9c8170c547e21431f459914b8b62b7a010840cc1902d8823112cc29467d7dda?s=96&d=mm&r=g","url":"https:\/\/secure.gravatar.com\/avatar\/d9c8170c547e21431f459914b8b62b7a010840cc1902d8823112cc29467d7dda?s=96&d=mm&r=g","contentUrl":"https:\/\/secure.gravatar.com\/avatar\/d9c8170c547e21431f459914b8b62b7a010840cc1902d8823112cc29467d7dda?s=96&d=mm&r=g","caption":"Helen Down"}}]}},"_links":{"self":[{"href":"https:\/\/www.ecoonline.com\/sv\/wp-json\/wp\/v2\/posts\/61925","targetHints":{"allow":["GET"]}}],"collection":[{"href":"https:\/\/www.ecoonline.com\/sv\/wp-json\/wp\/v2\/posts"}],"about":[{"href":"https:\/\/www.ecoonline.com\/sv\/wp-json\/wp\/v2\/types\/post"}],"author":[{"embeddable":true,"href":"https:\/\/www.ecoonline.com\/sv\/wp-json\/wp\/v2\/users\/2"}],"replies":[{"embeddable":true,"href":"https:\/\/www.ecoonline.com\/sv\/wp-json\/wp\/v2\/comments?post=61925"}],"version-history":[{"count":0,"href":"https:\/\/www.ecoonline.com\/sv\/wp-json\/wp\/v2\/posts\/61925\/revisions"}],"wp:featuredmedia":[{"embeddable":true,"href":"https:\/\/www.ecoonline.com\/sv\/wp-json\/wp\/v2\/media\/61926"}],"wp:attachment":[{"href":"https:\/\/www.ecoonline.com\/sv\/wp-json\/wp\/v2\/media?parent=61925"}],"wp:term":[{"taxonomy":"category","embeddable":true,"href":"https:\/\/www.ecoonline.com\/sv\/wp-json\/wp\/v2\/category?post=61925"},{"taxonomy":"post_tag","embeddable":true,"href":"https:\/\/www.ecoonline.com\/sv\/wp-json\/wp\/v2\/tags?post=61925"},{"taxonomy":"item-type","embeddable":true,"href":"https:\/\/www.ecoonline.com\/sv\/wp-json\/wp\/v2\/item-type?post=61925"}],"curies":[{"name":"wp","href":"https:\/\/api.w.org\/{rel}","templated":true}]}}